{"id":8370,"date":"2021-10-11T09:35:28","date_gmt":"2021-10-11T08:35:28","guid":{"rendered":"https:\/\/risingfuture.eu\/mediana-na-weekend-media-festivalu\/"},"modified":"2021-10-11T09:35:28","modified_gmt":"2021-10-11T08:35:28","slug":"mediana-na-weekend-media-festivalu","status":"publish","type":"post","link":"https:\/\/risingfuture.eu\/en\/mediana-na-weekend-media-festivalu\/","title":{"rendered":"MEDIANA NA WEEKEND MEDIA FESTIVALU"},"content":{"rendered":"\t\t<div data-elementor-type=\"wp-post\" data-elementor-id=\"8370\" class=\"elementor elementor-8370 elementor-8351\" data-elementor-post-type=\"post\">\n\t\t\t\t\t\t<section class=\"elementor-section elementor-top-section elementor-element elementor-element-fe00b03 elementor-section-boxed elementor-section-height-default elementor-section-height-default\" data-id=\"fe00b03\" data-element_type=\"section\" data-e-type=\"section\">\n\t\t\t\t\t\t<div class=\"elementor-container elementor-column-gap-default\">\n\t\t\t\t\t<div class=\"elementor-column elementor-col-100 elementor-top-column elementor-element elementor-element-ba1531a\" data-id=\"ba1531a\" data-element_type=\"column\" data-e-type=\"column\">\n\t\t\t<div class=\"elementor-widget-wrap elementor-element-populated\">\n\t\t\t\t\t\t<div class=\"elementor-element elementor-element-255a2be elementor-widget elementor-widget-text-editor\" data-id=\"255a2be\" data-element_type=\"widget\" data-e-type=\"widget\" data-widget_type=\"text-editor.default\">\n\t\t\t\t<div class=\"elementor-widget-container\">\n\t\t\t\t\t\t\t\t\t<p>Na 14. Weekend Media Festivalu, ki je v Rovinju potekal med 23. in 26. septembrom 2021, je In\u0161titut Mediana organiziral panel na temo dru\u017ebene odgovornosti v regiji. Z naslovom \u00bb\u017divimo \u017eivot danas za sutra\u00ab oziroma Danes \u017eivljenje \u017eivimo za jutri smo \u017eeleli opozoriti na to, kako na\u0161a dana\u0161nja dejanja vplivajo na to, kak\u0161en svet oblikujemo za prihodnost. <\/p>\n<p>V panelu so sodelovali ugledni posamezniki, ki s svojim delovanjem \u017ee spreminjajo svet na bolje: Vlatka Kameni\u0107 Jagodi\u0107 (Sektor marketinga in korporativnih komunikacij, Kon\u010dar), Mitja Tu\u0161kej (Formitas Group), Iva Djurkovi\u0107 (direktorica LUNA\/TBWA, OMD), Du\u0161an Luki\u010d (Vodja projekta New Mobility, Porsche Slovenija) ter Janja Bo\u017ei\u010d Marolt, ustanoviteljica in predsednica In\u0161tituta Mediana. <\/p>\n<p>Sodelujo\u010di so skozi primere dobre prakse v svojih podjetjih ter s svojimi naro\u010dniki prikazali, da je govoriti o dru\u017ebeni odgovornosti enostavno, realizirati uspe\u0161ne projekte, ki resni\u010dno spreminjajo korporativno krajino, pa nekaj povsem drugega. Predstavljen je bil tudi projekt Mediana \u2013 Rising Future, ki v letu 2021 predstavlja klju\u010dni razvojni projekt In\u0161tituta Mediana na podro\u010dju dru\u017ebene odgovornosti. Sodelujo\u010di strokovnjaki so za projekte s podro\u010dja e-mobilnosti, podjetni\u0161tva, trgovine, energetike, kreative ter raziskav trgov delili ne le dobre strani in uspehe, ampak tudi skrivnosti, ovire in napake, s katerimi so se soo\u010dali pa poti do realizacije projektov. <\/p>\n<p>Strokovni panel je svojo diskusijo zaklju\u010dil pozitivno z mislijo, da morda res ne obstaja en recept za vse, vsekakor pa obstaja recept za vsako organizacijo, ki \u017eeli v svoje poslovanje vpeljati projekte dru\u017ebene odgovornosti in s tem prispevati k bolj\u0161emu jutri.<\/p>\n\t\t\t\t\t\t\t\t<\/div>\n\t\t\t\t<\/div>\n\t\t\t\t\t<\/div>\n\t\t<\/div>\n\t\t\t\t\t<\/div>\n\t\t<\/section>\n\t\t\t\t<section class=\"elementor-section elementor-top-section elementor-element elementor-element-571cfbc elementor-section-boxed elementor-section-height-default elementor-section-height-default\" data-id=\"571cfbc\" data-element_type=\"section\" data-e-type=\"section\">\n\t\t\t\t\t\t<div class=\"elementor-container elementor-column-gap-default\">\n\t\t\t\t\t<div class=\"elementor-column elementor-col-100 elementor-top-column elementor-element elementor-element-2978158\" data-id=\"2978158\" data-element_type=\"column\" data-e-type=\"column\">\n\t\t\t<div class=\"elementor-widget-wrap elementor-element-populated\">\n\t\t\t\t\t\t<div class=\"elementor-element elementor-element-ba21292 elementor-widget elementor-widget-gallery\" data-id=\"ba21292\" data-element_type=\"widget\" data-e-type=\"widget\" data-settings=\"{&quot;lazyload&quot;:&quot;yes&quot;,&quot;gallery_layout&quot;:&quot;grid&quot;,&quot;columns&quot;:4,&quot;columns_tablet&quot;:2,&quot;columns_mobile&quot;:1,&quot;gap&quot;:{&quot;unit&quot;:&quot;px&quot;,&quot;size&quot;:10,&quot;sizes&quot;:[]},&quot;gap_tablet&quot;:{&quot;unit&quot;:&quot;px&quot;,&quot;size&quot;:10,&quot;sizes&quot;:[]},&quot;gap_mobile&quot;:{&quot;unit&quot;:&quot;px&quot;,&quot;size&quot;:10,&quot;sizes&quot;:[]},&quot;link_to&quot;:&quot;file&quot;,&quot;aspect_ratio&quot;:&quot;3:2&quot;,&quot;overlay_background&quot;:&quot;yes&quot;,&quot;content_hover_animation&quot;:&quot;fade-in&quot;}\" data-widget_type=\"gallery.default\">\n\t\t\t\t<div class=\"elementor-widget-container\">\n\t\t\t\t\t\t\t<div class=\"elementor-gallery__container\">\n\t\t\t\t\t\t\t<a class=\"e-gallery-item elementor-gallery-item elementor-animated-content\" href=\"https:\/\/risingfuture.eu\/wp-content\/uploads\/2021\/10\/20211011_Weekend_RF_01.jpg\" data-elementor-open-lightbox=\"yes\" data-elementor-lightbox-slideshow=\"ba21292\" data-elementor-lightbox-title=\"20211011_Weekend_RF_01\" data-e-action-hash=\"#elementor-action%3Aaction%3Dlightbox%26settings%3DeyJpZCI6ODM1MywidXJsIjoiaHR0cHM6XC9cL3Jpc2luZ2Z1dHVyZS5ldVwvd3AtY29udGVudFwvdXBsb2Fkc1wvMjAyMVwvMTBcLzIwMjExMDExX1dlZWtlbmRfUkZfMDEuanBnIiwic2xpZGVzaG93IjoiYmEyMTI5MiJ9\">\n\t\t\t\t\t<div class=\"e-gallery-image elementor-gallery-item__image\" data-thumbnail=\"https:\/\/risingfuture.eu\/wp-content\/uploads\/2021\/10\/20211011_Weekend_RF_01-400x267.jpg\" data-width=\"400\" data-height=\"267\" aria-label=\"20211011 Weekend Media Festival Rovinj 2021 01\" role=\"img\" ><\/div>\n\t\t\t\t\t\t\t\t\t\t\t<div class=\"elementor-gallery-item__overlay\"><\/div>\n\t\t\t\t\t\t\t\t\t\t\t\t\t\t<\/a>\n\t\t\t\t\t\t\t<a class=\"e-gallery-item elementor-gallery-item elementor-animated-content\" href=\"https:\/\/risingfuture.eu\/wp-content\/uploads\/2021\/10\/20211011_Weekend_RF_02.jpg\" data-elementor-open-lightbox=\"yes\" data-elementor-lightbox-slideshow=\"ba21292\" data-elementor-lightbox-title=\"20211011_Weekend_RF_02\" data-e-action-hash=\"#elementor-action%3Aaction%3Dlightbox%26settings%3DeyJpZCI6ODM1NSwidXJsIjoiaHR0cHM6XC9cL3Jpc2luZ2Z1dHVyZS5ldVwvd3AtY29udGVudFwvdXBsb2Fkc1wvMjAyMVwvMTBcLzIwMjExMDExX1dlZWtlbmRfUkZfMDIuanBnIiwic2xpZGVzaG93IjoiYmEyMTI5MiJ9\">\n\t\t\t\t\t<div class=\"e-gallery-image elementor-gallery-item__image\" data-thumbnail=\"https:\/\/risingfuture.eu\/wp-content\/uploads\/2021\/10\/20211011_Weekend_RF_02-400x267.jpg\" data-width=\"400\" data-height=\"267\" aria-label=\"20211011 Weekend Media Festival Rovinj 2021 02\" role=\"img\" ><\/div>\n\t\t\t\t\t\t\t\t\t\t\t<div class=\"elementor-gallery-item__overlay\"><\/div>\n\t\t\t\t\t\t\t\t\t\t\t\t\t\t<\/a>\n\t\t\t\t\t\t\t<a class=\"e-gallery-item elementor-gallery-item elementor-animated-content\" href=\"https:\/\/risingfuture.eu\/wp-content\/uploads\/2021\/10\/20211011_Weekend_RF_03.jpg\" data-elementor-open-lightbox=\"yes\" data-elementor-lightbox-slideshow=\"ba21292\" data-elementor-lightbox-title=\"20211011_Weekend_RF_03\" data-e-action-hash=\"#elementor-action%3Aaction%3Dlightbox%26settings%3DeyJpZCI6ODM1NywidXJsIjoiaHR0cHM6XC9cL3Jpc2luZ2Z1dHVyZS5ldVwvd3AtY29udGVudFwvdXBsb2Fkc1wvMjAyMVwvMTBcLzIwMjExMDExX1dlZWtlbmRfUkZfMDMuanBnIiwic2xpZGVzaG93IjoiYmEyMTI5MiJ9\">\n\t\t\t\t\t<div class=\"e-gallery-image elementor-gallery-item__image\" data-thumbnail=\"https:\/\/risingfuture.eu\/wp-content\/uploads\/2021\/10\/20211011_Weekend_RF_03-300x400.jpg\" data-width=\"300\" data-height=\"400\" aria-label=\"20211011 Weekend Media Festival Rovinj 2021 03\" role=\"img\" ><\/div>\n\t\t\t\t\t\t\t\t\t\t\t<div class=\"elementor-gallery-item__overlay\"><\/div>\n\t\t\t\t\t\t\t\t\t\t\t\t\t\t<\/a>\n\t\t\t\t\t\t\t<a class=\"e-gallery-item elementor-gallery-item elementor-animated-content\" href=\"https:\/\/risingfuture.eu\/wp-content\/uploads\/2021\/10\/20211011_Weekend_RF_04.jpg\" data-elementor-open-lightbox=\"yes\" data-elementor-lightbox-slideshow=\"ba21292\" data-elementor-lightbox-title=\"20211011_Weekend_RF_04\" data-e-action-hash=\"#elementor-action%3Aaction%3Dlightbox%26settings%3DeyJpZCI6ODM1OSwidXJsIjoiaHR0cHM6XC9cL3Jpc2luZ2Z1dHVyZS5ldVwvd3AtY29udGVudFwvdXBsb2Fkc1wvMjAyMVwvMTBcLzIwMjExMDExX1dlZWtlbmRfUkZfMDQuanBnIiwic2xpZGVzaG93IjoiYmEyMTI5MiJ9\">\n\t\t\t\t\t<div class=\"e-gallery-image elementor-gallery-item__image\" data-thumbnail=\"https:\/\/risingfuture.eu\/wp-content\/uploads\/2021\/10\/20211011_Weekend_RF_04-400x300.jpg\" data-width=\"400\" data-height=\"300\" aria-label=\"20211011 Weekend Media Festival Rovinj 2021 04\" role=\"img\" ><\/div>\n\t\t\t\t\t\t\t\t\t\t\t<div class=\"elementor-gallery-item__overlay\"><\/div>\n\t\t\t\t\t\t\t\t\t\t\t\t\t\t<\/a>\n\t\t\t\t\t\t\t<a class=\"e-gallery-item elementor-gallery-item elementor-animated-content\" href=\"https:\/\/risingfuture.eu\/wp-content\/uploads\/2021\/10\/20211011_Weekend_RF_05.jpg\" data-elementor-open-lightbox=\"yes\" data-elementor-lightbox-slideshow=\"ba21292\" data-elementor-lightbox-title=\"20211011_Weekend_RF_05\" data-e-action-hash=\"#elementor-action%3Aaction%3Dlightbox%26settings%3DeyJpZCI6ODM2MSwidXJsIjoiaHR0cHM6XC9cL3Jpc2luZ2Z1dHVyZS5ldVwvd3AtY29udGVudFwvdXBsb2Fkc1wvMjAyMVwvMTBcLzIwMjExMDExX1dlZWtlbmRfUkZfMDUuanBnIiwic2xpZGVzaG93IjoiYmEyMTI5MiJ9\">\n\t\t\t\t\t<div class=\"e-gallery-image elementor-gallery-item__image\" data-thumbnail=\"https:\/\/risingfuture.eu\/wp-content\/uploads\/2021\/10\/20211011_Weekend_RF_05-400x300.jpg\" data-width=\"400\" data-height=\"300\" aria-label=\"20211011 Weekend Media Festival Rovinj 2021 05\" role=\"img\" ><\/div>\n\t\t\t\t\t\t\t\t\t\t\t<div class=\"elementor-gallery-item__overlay\"><\/div>\n\t\t\t\t\t\t\t\t\t\t\t\t\t\t<\/a>\n\t\t\t\t\t<\/div>\n\t\t\t\t\t<\/div>\n\t\t\t\t<\/div>\n\t\t\t\t\t<\/div>\n\t\t<\/div>\n\t\t\t\t\t<\/div>\n\t\t<\/section>\n\t\t\t\t<section class=\"elementor-section elementor-top-section elementor-element elementor-element-e5689ef elementor-section-boxed elementor-section-height-default elementor-section-height-default\" data-id=\"e5689ef\" data-element_type=\"section\" data-e-type=\"section\">\n\t\t\t\t\t\t<div class=\"elementor-container elementor-column-gap-default\">\n\t\t\t\t\t<div class=\"elementor-column elementor-col-100 elementor-top-column elementor-element elementor-element-c4375bc\" data-id=\"c4375bc\" data-element_type=\"column\" data-e-type=\"column\">\n\t\t\t<div class=\"elementor-widget-wrap elementor-element-populated\">\n\t\t\t\t\t\t<div class=\"elementor-element elementor-element-5a5a96e elementor-widget elementor-widget-text-editor\" data-id=\"5a5a96e\" data-element_type=\"widget\" data-e-type=\"widget\" data-widget_type=\"text-editor.default\">\n\t\t\t\t<div class=\"elementor-widget-container\">\n\t\t\t\t\t\t\t\t\t<p><small>Photo: Matija Habljak\/PIXSELL<\/small><\/p>\n\t\t\t\t\t\t\t\t<\/div>\n\t\t\t\t<\/div>\n\t\t\t\t\t<\/div>\n\t\t<\/div>\n\t\t\t\t\t<\/div>\n\t\t<\/section>\n\t\t\t\t<\/div>\n\t\t","protected":false},"excerpt":{"rendered":"<p>Na 14. Weekend Media Festivalu, ki je v Rovinju potekal med 23. in 26. septembrom 2021, je In\u0161titut Mediana organiziral panel na temo dru\u017ebene odgovornosti v regiji. Z naslovom \u00bb\u017divimo \u017eivot danas za sutra\u00ab oziroma Danes \u017eivljenje \u017eivimo za jutri smo \u017eeleli opozoriti na to, kako na\u0161a dana\u0161nja dejanja vplivajo na to, kak\u0161en svet oblikujemo [&hellip;]<\/p>\n","protected":false},"author":3,"featured_media":8354,"comment_status":"closed","ping_status":"open","sticky":false,"template":"","format":"standard","meta":{"inline_featured_image":false,"site-sidebar-layout":"default","site-content-layout":"default","ast-site-content-layout":"","site-content-style":"default","site-sidebar-style":"default","ast-global-header-display":"","ast-banner-title-visibility":"","ast-main-header-display":"","ast-hfb-above-header-display":"","ast-hfb-below-header-display":"","ast-hfb-mobile-header-display":"","site-post-title":"","ast-breadcrumbs-content":"","ast-featured-img":"","footer-sml-layout":"","theme-transparent-header-meta":"default","adv-header-id-meta":"","stick-header-meta":"","header-above-stick-meta":"","header-main-stick-meta":"","header-below-stick-meta":"","astra-migrate-meta-layouts":"default","ast-page-background-enabled":"default","ast-page-background-meta":{"desktop":{"background-color":"","background-image":"","background-repeat":"repeat","background-position":"center center","background-size":"auto","background-attachment":"scroll","background-type":"","background-media":"","overlay-type":"","overlay-color":"","overlay-opacity":"","overlay-gradient":""},"tablet":{"background-color":"","background-image":"","background-repeat":"repeat","background-position":"center center","background-size":"auto","background-attachment":"scroll","background-type":"","background-media":"","overlay-type":"","overlay-color":"","overlay-opacity":"","overlay-gradient":""},"mobile":{"background-color":"","background-image":"","background-repeat":"repeat","background-position":"center center","background-size":"auto","background-attachment":"scroll","background-type":"","background-media":"","overlay-type":"","overlay-color":"","overlay-opacity":"","overlay-gradient":""}},"ast-content-background-meta":{"desktop":{"background-color":"var(--ast-global-color-5)","background-image":"","background-repeat":"repeat","background-position":"center center","background-size":"auto","background-attachment":"scroll","background-type":"","background-media":"","overlay-type":"","overlay-color":"","overlay-opacity":"","overlay-gradient":""},"tablet":{"background-color":"var(--ast-global-color-5)","background-image":"","background-repeat":"repeat","background-position":"center center","background-size":"auto","background-attachment":"scroll","background-type":"","background-media":"","overlay-type":"","overlay-color":"","overlay-opacity":"","overlay-gradient":""},"mobile":{"background-color":"var(--ast-global-color-5)","background-image":"","background-repeat":"repeat","background-position":"center center","background-size":"auto","background-attachment":"scroll","background-type":"","background-media":"","overlay-type":"","overlay-color":"","overlay-opacity":"","overlay-gradient":""}},"_jetpack_memberships_contains_paid_content":false,"footnotes":"","_wp_rev_ctl_limit":""},"categories":[122],"tags":[],"class_list":["post-8370","post","type-post","status-publish","format-standard","has-post-thumbnail","hentry","category-aktualno-en"],"yoast_head":"<!-- This site is optimized with the Yoast SEO plugin v26.8 - https:\/\/yoast.com\/product\/yoast-seo-wordpress\/ -->\n<title>MEDIANA NA WEEKEND MEDIA FESTIVALU - Rising Future<\/title>\n<meta name=\"description\" content=\"Na 14. Weekend Media Festivalu, ki je v Rovinju potekal med 23. in 26. septembrom 2021, je In\u0161titut Mediana organiziral panel na temo dru\u017ebene odgovornosti v regiji. Z naslovom \u00bb\u017divimo \u017eivot danas za sutra\u00ab oziroma Danes \u017eivljenje \u017eivimo za jutri smo \u017eeleli opozoriti na to, kako na\u0161a dana\u0161nja dejanja vplivajo na to, kak\u0161en svet oblikujemo za prihodnost.\" \/>\n<meta name=\"robots\" content=\"index, follow, max-snippet:-1, max-image-preview:large, max-video-preview:-1\" \/>\n<link rel=\"canonical\" href=\"https:\/\/risingfuture.eu\/en\/mediana-na-weekend-media-festivalu\/\" \/>\n<meta property=\"og:locale\" content=\"en_US\" \/>\n<meta property=\"og:type\" content=\"article\" \/>\n<meta property=\"og:title\" content=\"MEDIANA NA WEEKEND MEDIA FESTIVALU - Rising Future\" \/>\n<meta property=\"og:description\" content=\"Na 14. Weekend Media Festivalu, ki je v Rovinju potekal med 23. in 26. septembrom 2021, je In\u0161titut Mediana organiziral panel na temo dru\u017ebene odgovornosti v regiji. Z naslovom \u00bb\u017divimo \u017eivot danas za sutra\u00ab oziroma Danes \u017eivljenje \u017eivimo za jutri smo \u017eeleli opozoriti na to, kako na\u0161a dana\u0161nja dejanja vplivajo na to, kak\u0161en svet oblikujemo za prihodnost.\" \/>\n<meta property=\"og:url\" content=\"https:\/\/risingfuture.eu\/en\/mediana-na-weekend-media-festivalu\/\" \/>\n<meta property=\"og:site_name\" content=\"Rising Future\" \/>\n<meta property=\"article:published_time\" content=\"2021-10-11T08:35:28+00:00\" \/>\n<meta property=\"og:image\" content=\"https:\/\/i1.wp.com\/risingfuture.eu\/wp-content\/uploads\/2021\/10\/20211011_Weekend_RF_01.jpg?fit=1200%2C800&ssl=1\" \/>\n\t<meta property=\"og:image:width\" content=\"1200\" \/>\n\t<meta property=\"og:image:height\" content=\"800\" \/>\n\t<meta property=\"og:image:type\" content=\"image\/jpeg\" \/>\n<meta name=\"author\" content=\"Bla\u017e\" \/>\n<meta name=\"twitter:card\" content=\"summary_large_image\" \/>\n<meta name=\"twitter:label1\" content=\"Written by\" \/>\n\t<meta name=\"twitter:data1\" content=\"Bla\u017e\" \/>\n\t<meta name=\"twitter:label2\" content=\"Est. reading time\" \/>\n\t<meta name=\"twitter:data2\" content=\"1 minute\" \/>\n<script type=\"application\/ld+json\" class=\"yoast-schema-graph\">{\"@context\":\"https:\/\/schema.org\",\"@graph\":[{\"@type\":\"Article\",\"@id\":\"https:\/\/risingfuture.eu\/en\/mediana-na-weekend-media-festivalu\/#article\",\"isPartOf\":{\"@id\":\"https:\/\/risingfuture.eu\/en\/mediana-na-weekend-media-festivalu\/\"},\"author\":{\"name\":\"Bla\u017e\",\"@id\":\"https:\/\/risingfuture.eu\/#\/schema\/person\/ed0ffacf87cc72663696f531f5c9e17a\"},\"headline\":\"MEDIANA NA WEEKEND MEDIA FESTIVALU\",\"datePublished\":\"2021-10-11T08:35:28+00:00\",\"mainEntityOfPage\":{\"@id\":\"https:\/\/risingfuture.eu\/en\/mediana-na-weekend-media-festivalu\/\"},\"wordCount\":272,\"publisher\":{\"@id\":\"https:\/\/risingfuture.eu\/#organization\"},\"image\":{\"@id\":\"https:\/\/risingfuture.eu\/en\/mediana-na-weekend-media-festivalu\/#primaryimage\"},\"thumbnailUrl\":\"https:\/\/risingfuture.eu\/wp-content\/uploads\/2021\/10\/20211011_Weekend_RF_01.jpg\",\"articleSection\":[\"Aktualno\"],\"inLanguage\":\"en-US\"},{\"@type\":\"WebPage\",\"@id\":\"https:\/\/risingfuture.eu\/en\/mediana-na-weekend-media-festivalu\/\",\"url\":\"https:\/\/risingfuture.eu\/en\/mediana-na-weekend-media-festivalu\/\",\"name\":\"MEDIANA NA WEEKEND MEDIA FESTIVALU - Rising Future\",\"isPartOf\":{\"@id\":\"https:\/\/risingfuture.eu\/#website\"},\"primaryImageOfPage\":{\"@id\":\"https:\/\/risingfuture.eu\/en\/mediana-na-weekend-media-festivalu\/#primaryimage\"},\"image\":{\"@id\":\"https:\/\/risingfuture.eu\/en\/mediana-na-weekend-media-festivalu\/#primaryimage\"},\"thumbnailUrl\":\"https:\/\/risingfuture.eu\/wp-content\/uploads\/2021\/10\/20211011_Weekend_RF_01.jpg\",\"datePublished\":\"2021-10-11T08:35:28+00:00\",\"description\":\"Na 14. Weekend Media Festivalu, ki je v Rovinju potekal med 23. in 26. septembrom 2021, je In\u0161titut Mediana organiziral panel na temo dru\u017ebene odgovornosti v regiji. Z naslovom \u00bb\u017divimo \u017eivot danas za sutra\u00ab oziroma Danes \u017eivljenje \u017eivimo za jutri smo \u017eeleli opozoriti na to, kako na\u0161a dana\u0161nja dejanja vplivajo na to, kak\u0161en svet oblikujemo za prihodnost.\",\"breadcrumb\":{\"@id\":\"https:\/\/risingfuture.eu\/en\/mediana-na-weekend-media-festivalu\/#breadcrumb\"},\"inLanguage\":\"en-US\",\"potentialAction\":[{\"@type\":\"ReadAction\",\"target\":[\"https:\/\/risingfuture.eu\/en\/mediana-na-weekend-media-festivalu\/\"]}]},{\"@type\":\"ImageObject\",\"inLanguage\":\"en-US\",\"@id\":\"https:\/\/risingfuture.eu\/en\/mediana-na-weekend-media-festivalu\/#primaryimage\",\"url\":\"https:\/\/risingfuture.eu\/wp-content\/uploads\/2021\/10\/20211011_Weekend_RF_01.jpg\",\"contentUrl\":\"https:\/\/risingfuture.eu\/wp-content\/uploads\/2021\/10\/20211011_Weekend_RF_01.jpg\",\"width\":1200,\"height\":800,\"caption\":\"24.09.2021., Rovinj -14. Weekend media festival, Zivim zivot danas za sutra. Iva Djurkovic, Vlatka Kamenic Jagodic, Dusan Lukic, Masa Muster, Mitja Tuskej, Janja Bozic Marolt.Photo: Matija Habljak\/PIXSELL\"},{\"@type\":\"BreadcrumbList\",\"@id\":\"https:\/\/risingfuture.eu\/en\/mediana-na-weekend-media-festivalu\/#breadcrumb\",\"itemListElement\":[{\"@type\":\"ListItem\",\"position\":1,\"name\":\"Home\",\"item\":\"https:\/\/risingfuture.eu\/en\/\"},{\"@type\":\"ListItem\",\"position\":2,\"name\":\"MEDIANA NA WEEKEND MEDIA FESTIVALU\"}]},{\"@type\":\"WebSite\",\"@id\":\"https:\/\/risingfuture.eu\/#website\",\"url\":\"https:\/\/risingfuture.eu\/\",\"name\":\"Rising Future\",\"description\":\"Rising Future\",\"publisher\":{\"@id\":\"https:\/\/risingfuture.eu\/#organization\"},\"potentialAction\":[{\"@type\":\"SearchAction\",\"target\":{\"@type\":\"EntryPoint\",\"urlTemplate\":\"https:\/\/risingfuture.eu\/?s={search_term_string}\"},\"query-input\":{\"@type\":\"PropertyValueSpecification\",\"valueRequired\":true,\"valueName\":\"search_term_string\"}}],\"inLanguage\":\"en-US\"},{\"@type\":\"Organization\",\"@id\":\"https:\/\/risingfuture.eu\/#organization\",\"name\":\"Mediana\",\"url\":\"https:\/\/risingfuture.eu\/\",\"logo\":{\"@type\":\"ImageObject\",\"inLanguage\":\"en-US\",\"@id\":\"https:\/\/risingfuture.eu\/#\/schema\/logo\/image\/\",\"url\":\"https:\/\/risingfuture.eu\/wp-content\/uploads\/2019\/08\/logo-beyond.svg\",\"contentUrl\":\"https:\/\/risingfuture.eu\/wp-content\/uploads\/2019\/08\/logo-beyond.svg\",\"width\":1,\"height\":1,\"caption\":\"Mediana\"},\"image\":{\"@id\":\"https:\/\/risingfuture.eu\/#\/schema\/logo\/image\/\"}},{\"@type\":\"Person\",\"@id\":\"https:\/\/risingfuture.eu\/#\/schema\/person\/ed0ffacf87cc72663696f531f5c9e17a\",\"name\":\"Bla\u017e\",\"image\":{\"@type\":\"ImageObject\",\"inLanguage\":\"en-US\",\"@id\":\"https:\/\/risingfuture.eu\/#\/schema\/person\/image\/\",\"url\":\"https:\/\/secure.gravatar.com\/avatar\/105d0614132147fb38746ed04b94a878?s=96&d=mm&r=g\",\"contentUrl\":\"https:\/\/secure.gravatar.com\/avatar\/105d0614132147fb38746ed04b94a878?s=96&d=mm&r=g\",\"caption\":\"Bla\u017e\"}}]}<\/script>\n<!-- \/ Yoast SEO plugin. -->","yoast_head_json":{"title":"MEDIANA NA WEEKEND MEDIA FESTIVALU - Rising Future","description":"Na 14. Weekend Media Festivalu, ki je v Rovinju potekal med 23. in 26. septembrom 2021, je In\u0161titut Mediana organiziral panel na temo dru\u017ebene odgovornosti v regiji. Z naslovom \u00bb\u017divimo \u017eivot danas za sutra\u00ab oziroma Danes \u017eivljenje \u017eivimo za jutri smo \u017eeleli opozoriti na to, kako na\u0161a dana\u0161nja dejanja vplivajo na to, kak\u0161en svet oblikujemo za prihodnost.","robots":{"index":"index","follow":"follow","max-snippet":"max-snippet:-1","max-image-preview":"max-image-preview:large","max-video-preview":"max-video-preview:-1"},"canonical":"https:\/\/risingfuture.eu\/en\/mediana-na-weekend-media-festivalu\/","og_locale":"en_US","og_type":"article","og_title":"MEDIANA NA WEEKEND MEDIA FESTIVALU - Rising Future","og_description":"Na 14. Weekend Media Festivalu, ki je v Rovinju potekal med 23. in 26. septembrom 2021, je In\u0161titut Mediana organiziral panel na temo dru\u017ebene odgovornosti v regiji. Z naslovom \u00bb\u017divimo \u017eivot danas za sutra\u00ab oziroma Danes \u017eivljenje \u017eivimo za jutri smo \u017eeleli opozoriti na to, kako na\u0161a dana\u0161nja dejanja vplivajo na to, kak\u0161en svet oblikujemo za prihodnost.","og_url":"https:\/\/risingfuture.eu\/en\/mediana-na-weekend-media-festivalu\/","og_site_name":"Rising Future","article_published_time":"2021-10-11T08:35:28+00:00","og_image":[{"width":1200,"height":800,"url":"https:\/\/i1.wp.com\/risingfuture.eu\/wp-content\/uploads\/2021\/10\/20211011_Weekend_RF_01.jpg?fit=1200%2C800&ssl=1","type":"image\/jpeg"}],"author":"Bla\u017e","twitter_card":"summary_large_image","twitter_misc":{"Written by":"Bla\u017e","Est. reading time":"1 minute"},"schema":{"@context":"https:\/\/schema.org","@graph":[{"@type":"Article","@id":"https:\/\/risingfuture.eu\/en\/mediana-na-weekend-media-festivalu\/#article","isPartOf":{"@id":"https:\/\/risingfuture.eu\/en\/mediana-na-weekend-media-festivalu\/"},"author":{"name":"Bla\u017e","@id":"https:\/\/risingfuture.eu\/#\/schema\/person\/ed0ffacf87cc72663696f531f5c9e17a"},"headline":"MEDIANA NA WEEKEND MEDIA FESTIVALU","datePublished":"2021-10-11T08:35:28+00:00","mainEntityOfPage":{"@id":"https:\/\/risingfuture.eu\/en\/mediana-na-weekend-media-festivalu\/"},"wordCount":272,"publisher":{"@id":"https:\/\/risingfuture.eu\/#organization"},"image":{"@id":"https:\/\/risingfuture.eu\/en\/mediana-na-weekend-media-festivalu\/#primaryimage"},"thumbnailUrl":"https:\/\/risingfuture.eu\/wp-content\/uploads\/2021\/10\/20211011_Weekend_RF_01.jpg","articleSection":["Aktualno"],"inLanguage":"en-US"},{"@type":"WebPage","@id":"https:\/\/risingfuture.eu\/en\/mediana-na-weekend-media-festivalu\/","url":"https:\/\/risingfuture.eu\/en\/mediana-na-weekend-media-festivalu\/","name":"MEDIANA NA WEEKEND MEDIA FESTIVALU - Rising Future","isPartOf":{"@id":"https:\/\/risingfuture.eu\/#website"},"primaryImageOfPage":{"@id":"https:\/\/risingfuture.eu\/en\/mediana-na-weekend-media-festivalu\/#primaryimage"},"image":{"@id":"https:\/\/risingfuture.eu\/en\/mediana-na-weekend-media-festivalu\/#primaryimage"},"thumbnailUrl":"https:\/\/risingfuture.eu\/wp-content\/uploads\/2021\/10\/20211011_Weekend_RF_01.jpg","datePublished":"2021-10-11T08:35:28+00:00","description":"Na 14. Weekend Media Festivalu, ki je v Rovinju potekal med 23. in 26. septembrom 2021, je In\u0161titut Mediana organiziral panel na temo dru\u017ebene odgovornosti v regiji. Z naslovom \u00bb\u017divimo \u017eivot danas za sutra\u00ab oziroma Danes \u017eivljenje \u017eivimo za jutri smo \u017eeleli opozoriti na to, kako na\u0161a dana\u0161nja dejanja vplivajo na to, kak\u0161en svet oblikujemo za prihodnost.","breadcrumb":{"@id":"https:\/\/risingfuture.eu\/en\/mediana-na-weekend-media-festivalu\/#breadcrumb"},"inLanguage":"en-US","potentialAction":[{"@type":"ReadAction","target":["https:\/\/risingfuture.eu\/en\/mediana-na-weekend-media-festivalu\/"]}]},{"@type":"ImageObject","inLanguage":"en-US","@id":"https:\/\/risingfuture.eu\/en\/mediana-na-weekend-media-festivalu\/#primaryimage","url":"https:\/\/risingfuture.eu\/wp-content\/uploads\/2021\/10\/20211011_Weekend_RF_01.jpg","contentUrl":"https:\/\/risingfuture.eu\/wp-content\/uploads\/2021\/10\/20211011_Weekend_RF_01.jpg","width":1200,"height":800,"caption":"24.09.2021., Rovinj -14. Weekend media festival, Zivim zivot danas za sutra. Iva Djurkovic, Vlatka Kamenic Jagodic, Dusan Lukic, Masa Muster, Mitja Tuskej, Janja Bozic Marolt.Photo: Matija Habljak\/PIXSELL"},{"@type":"BreadcrumbList","@id":"https:\/\/risingfuture.eu\/en\/mediana-na-weekend-media-festivalu\/#breadcrumb","itemListElement":[{"@type":"ListItem","position":1,"name":"Home","item":"https:\/\/risingfuture.eu\/en\/"},{"@type":"ListItem","position":2,"name":"MEDIANA NA WEEKEND MEDIA FESTIVALU"}]},{"@type":"WebSite","@id":"https:\/\/risingfuture.eu\/#website","url":"https:\/\/risingfuture.eu\/","name":"Rising Future","description":"Rising Future","publisher":{"@id":"https:\/\/risingfuture.eu\/#organization"},"potentialAction":[{"@type":"SearchAction","target":{"@type":"EntryPoint","urlTemplate":"https:\/\/risingfuture.eu\/?s={search_term_string}"},"query-input":{"@type":"PropertyValueSpecification","valueRequired":true,"valueName":"search_term_string"}}],"inLanguage":"en-US"},{"@type":"Organization","@id":"https:\/\/risingfuture.eu\/#organization","name":"Mediana","url":"https:\/\/risingfuture.eu\/","logo":{"@type":"ImageObject","inLanguage":"en-US","@id":"https:\/\/risingfuture.eu\/#\/schema\/logo\/image\/","url":"https:\/\/risingfuture.eu\/wp-content\/uploads\/2019\/08\/logo-beyond.svg","contentUrl":"https:\/\/risingfuture.eu\/wp-content\/uploads\/2019\/08\/logo-beyond.svg","width":1,"height":1,"caption":"Mediana"},"image":{"@id":"https:\/\/risingfuture.eu\/#\/schema\/logo\/image\/"}},{"@type":"Person","@id":"https:\/\/risingfuture.eu\/#\/schema\/person\/ed0ffacf87cc72663696f531f5c9e17a","name":"Bla\u017e","image":{"@type":"ImageObject","inLanguage":"en-US","@id":"https:\/\/risingfuture.eu\/#\/schema\/person\/image\/","url":"https:\/\/secure.gravatar.com\/avatar\/105d0614132147fb38746ed04b94a878?s=96&d=mm&r=g","contentUrl":"https:\/\/secure.gravatar.com\/avatar\/105d0614132147fb38746ed04b94a878?s=96&d=mm&r=g","caption":"Bla\u017e"}}]}},"jetpack_featured_media_url":"https:\/\/risingfuture.eu\/wp-content\/uploads\/2021\/10\/20211011_Weekend_RF_01.jpg","jetpack_sharing_enabled":true,"_links":{"self":[{"href":"https:\/\/risingfuture.eu\/en\/wp-json\/wp\/v2\/posts\/8370","targetHints":{"allow":["GET"]}}],"collection":[{"href":"https:\/\/risingfuture.eu\/en\/wp-json\/wp\/v2\/posts"}],"about":[{"href":"https:\/\/risingfuture.eu\/en\/wp-json\/wp\/v2\/types\/post"}],"author":[{"embeddable":true,"href":"https:\/\/risingfuture.eu\/en\/wp-json\/wp\/v2\/users\/3"}],"replies":[{"embeddable":true,"href":"https:\/\/risingfuture.eu\/en\/wp-json\/wp\/v2\/comments?post=8370"}],"version-history":[{"count":1,"href":"https:\/\/risingfuture.eu\/en\/wp-json\/wp\/v2\/posts\/8370\/revisions"}],"predecessor-version":[{"id":8371,"href":"https:\/\/risingfuture.eu\/en\/wp-json\/wp\/v2\/posts\/8370\/revisions\/8371"}],"wp:featuredmedia":[{"embeddable":true,"href":"https:\/\/risingfuture.eu\/en\/wp-json\/wp\/v2\/media\/8354"}],"wp:attachment":[{"href":"https:\/\/risingfuture.eu\/en\/wp-json\/wp\/v2\/media?parent=8370"}],"wp:term":[{"taxonomy":"category","embeddable":true,"href":"https:\/\/risingfuture.eu\/en\/wp-json\/wp\/v2\/categories?post=8370"},{"taxonomy":"post_tag","embeddable":true,"href":"https:\/\/risingfuture.eu\/en\/wp-json\/wp\/v2\/tags?post=8370"}],"curies":[{"name":"wp","href":"https:\/\/api.w.org\/{rel}","templated":true}]}}