{"id":8749,"date":"2022-10-14T14:06:23","date_gmt":"2022-10-14T13:06:23","guid":{"rendered":"https:\/\/risingfuture.eu\/mediana-in-mladi-za-lepso-prihodnost-vseh\/"},"modified":"2022-10-25T13:06:12","modified_gmt":"2022-10-25T12:06:12","slug":"mediana-in-mladi-za-lepso-prihodnost-vseh","status":"publish","type":"post","link":"https:\/\/risingfuture.eu\/en\/mediana-in-mladi-za-lepso-prihodnost-vseh\/","title":{"rendered":"MEDIANA AND YOUTH &#8211; A BETTER FUTURE FOR ALL"},"content":{"rendered":"\t\t<div data-elementor-type=\"wp-post\" data-elementor-id=\"8749\" class=\"elementor elementor-8749 elementor-8682\" data-elementor-post-type=\"post\">\n\t\t\t\t\t\t<section class=\"elementor-section elementor-top-section elementor-element elementor-element-ec2aba1 elementor-section-stretched elementor-section-boxed elementor-section-height-default elementor-section-height-default\" data-id=\"ec2aba1\" data-element_type=\"section\" data-e-type=\"section\" data-settings=\"{&quot;stretch_section&quot;:&quot;section-stretched&quot;}\">\n\t\t\t\t\t\t<div class=\"elementor-container elementor-column-gap-default\">\n\t\t\t\t\t<div class=\"elementor-column elementor-col-100 elementor-top-column elementor-element elementor-element-3469085\" data-id=\"3469085\" data-element_type=\"column\" data-e-type=\"column\">\n\t\t\t<div class=\"elementor-widget-wrap elementor-element-populated\">\n\t\t\t\t\t\t<div class=\"elementor-element elementor-element-42fecce elementor-widget elementor-widget-text-editor\" data-id=\"42fecce\" data-element_type=\"widget\" data-e-type=\"widget\" data-widget_type=\"text-editor.default\">\n\t\t\t\t<div class=\"elementor-widget-container\">\n\t\t\t\t\t\t\t\t\t<p>Finalists and jury, left to right: Petra \u010cade\u017e (Atlantic Grupa), Maja Edelbaher Ebert (finalist), Miha Mermal (BTC), dr. Ur\u0161ka Tu\u0161kej (FDV), Lucija Karnelutti (project winner), Maja Ambro\u017e (Merkur), \u017diga Meki\u0161 Recek (finalist) and Mitja Tu\u0161kej (Formitas Grupa)<\/p>\t\t\t\t\t\t\t\t<\/div>\n\t\t\t\t<\/div>\n\t\t\t\t\t<\/div>\n\t\t<\/div>\n\t\t\t\t\t<\/div>\n\t\t<\/section>\n\t\t\t\t<section class=\"elementor-section elementor-top-section elementor-element elementor-element-5f36f31 elementor-section-boxed elementor-section-height-default elementor-section-height-default\" data-id=\"5f36f31\" data-element_type=\"section\" data-e-type=\"section\">\n\t\t\t\t\t\t<div class=\"elementor-container elementor-column-gap-default\">\n\t\t\t\t\t<div class=\"elementor-column elementor-col-100 elementor-top-column elementor-element elementor-element-b1c3ce9\" data-id=\"b1c3ce9\" data-element_type=\"column\" data-e-type=\"column\">\n\t\t\t<div class=\"elementor-widget-wrap elementor-element-populated\">\n\t\t\t\t\t\t<div class=\"elementor-element elementor-element-9dfffdf elementor-widget elementor-widget-text-editor\" data-id=\"9dfffdf\" data-element_type=\"widget\" data-e-type=\"widget\" data-widget_type=\"text-editor.default\">\n\t\t\t\t<div class=\"elementor-widget-container\">\n\t\t\t\t\t\t\t\t\tOn October 13th, project <a href=\"https:\/\/risingfuture.eu\/en\/\" target=\"_blank\" rel=\"noopener\">Mediana \u2013 Rising Future 2021<\/a> came to an end with a gala event in Ljubljana.\nThis marked the successful finish of the first edition of Mediana \u2013 Rising Future, a sustainable project under the auspices of <a href=\"https:\/\/en.mediana.si\/\" target=\"_blank\" rel=\"noopener\">Institute Mediana<\/a>.\nThe event was centered around announcing the winner of Mediana \u2013Rising Future, while also celebrating the 30th anniversary of Mediana Institute with our partners, media and professors that supported the project.\t\t\t\t\t\t\t\t<\/div>\n\t\t\t\t<\/div>\n\t\t\t\t\t<\/div>\n\t\t<\/div>\n\t\t\t\t\t<\/div>\n\t\t<\/section>\n\t\t\t\t<section class=\"elementor-section elementor-top-section elementor-element elementor-element-49dad5b elementor-section-boxed elementor-section-height-default elementor-section-height-default\" data-id=\"49dad5b\" data-element_type=\"section\" data-e-type=\"section\">\n\t\t\t\t\t\t<div class=\"elementor-container elementor-column-gap-default\">\n\t\t\t\t\t<div class=\"elementor-column elementor-col-100 elementor-top-column elementor-element elementor-element-7854f17\" data-id=\"7854f17\" data-element_type=\"column\" data-e-type=\"column\">\n\t\t\t<div class=\"elementor-widget-wrap elementor-element-populated\">\n\t\t\t\t\t\t<div class=\"elementor-element elementor-element-4c31107 elementor-widget elementor-widget-text-editor\" data-id=\"4c31107\" data-element_type=\"widget\" data-e-type=\"widget\" data-widget_type=\"text-editor.default\">\n\t\t\t\t<div class=\"elementor-widget-container\">\n\t\t\t\t\t\t\t\t\tAt <a href=\"https:\/\/en.mediana.si\/\" target=\"_blank\" rel=\"noopener\">Mediana<\/a>, we recognize the need for greater importance of research, especially in the field of sustainable development and social responsibility.\nIt is important for us to act sustainable and at the same time demonstrate this externally through good practices.\nWith that in mind, we formed Mediana \u2013 <a href=\"https:\/\/risingfuture.eu\/en\/\" target=\"_blank\" rel=\"noopener\">Rising Future<\/a>, a project that connects young people, successful Slovenian companies, media partners and Mediana as the organizer, mentor and financial donor.\nDuring the project, young researchers used their research plans to find answers to different sustainability challenges facing the partner companies.\nIn the first year alone, companies <a href=\"https:\/\/risingfuture.eu\/en\/partnerships\/#partners-amzs\" target=\"_blank\" rel=\"noopener\">AMZS<\/a>, <a href=\"https:\/\/risingfuture.eu\/en\/partnerships\/#partners-bigbang\" target=\"_blank\" rel=\"noopener\">Big Bang<\/a>, <a href=\"https:\/\/risingfuture.eu\/en\/partnerships\/#partners-btc\" target=\"_blank\" rel=\"noopener\">BTC<\/a>, <a href=\"https:\/\/risingfuture.eu\/en\/partnerships\/#partners-luna\" target=\"_blank\" rel=\"noopener\">Luna TBWA<\/a>, <a href=\"https:\/\/risingfuture.eu\/en\/partnerships\/#partners-mastercard\" target=\"_blank\" rel=\"noopener\">Mastercard Slovenija<\/a>, <a href=\"https:\/\/risingfuture.eu\/en\/partnerships\/#partners-medex\" target=\"_blank\" rel=\"noopener\">Medex<\/a>, <a href=\"https:\/\/risingfuture.eu\/en\/partnerships\/#partners-nlb\" target=\"_blank\" rel=\"noopener\">NLB<\/a>, <a href=\"https:\/\/risingfuture.eu\/en\/partnerships\/#partners-pivka\" target=\"_blank\" rel=\"noopener\">Pivka Perutninarstvo<\/a>, <a href=\"https:\/\/risingfuture.eu\/en\/partnerships\/#partners-riko\" target=\"_blank\" rel=\"noopener\">Riko<\/a> and <a href=\"https:\/\/risingfuture.eu\/en\/partnerships\/#partners-spar\" target=\"_blank\" rel=\"noopener\">Spar Slovenija<\/a> recognized the importance of such projects and joined in. The main media sponsor, <a href=\"https:\/\/risingfuture.eu\/en\/partnerships\/#partners-mm\" target=\"_blank\" rel=\"noopener\">Marketing Magazin<\/a>, the central magazine for advertising, sales and research experts in Slovenia, extensively covered the project for over a year, both in print and online.\t\t\t\t\t\t\t\t<\/div>\n\t\t\t\t<\/div>\n\t\t\t\t\t<\/div>\n\t\t<\/div>\n\t\t\t\t\t<\/div>\n\t\t<\/section>\n\t\t\t\t<section class=\"elementor-section elementor-top-section elementor-element elementor-element-3004ed0 elementor-section-boxed elementor-section-height-default elementor-section-height-default\" data-id=\"3004ed0\" data-element_type=\"section\" data-e-type=\"section\">\n\t\t\t\t\t\t<div class=\"elementor-container elementor-column-gap-default\">\n\t\t\t\t\t<div class=\"elementor-column elementor-col-100 elementor-top-column elementor-element elementor-element-e002885\" data-id=\"e002885\" data-element_type=\"column\" data-e-type=\"column\">\n\t\t\t<div class=\"elementor-widget-wrap elementor-element-populated\">\n\t\t\t\t\t\t<div class=\"elementor-element elementor-element-87019a1 elementor-widget elementor-widget-text-editor\" data-id=\"87019a1\" data-element_type=\"widget\" data-e-type=\"widget\" data-widget_type=\"text-editor.default\">\n\t\t\t\t<div class=\"elementor-widget-container\">\n\t\t\t\t\t\t\t\t\t<a href=\"https:\/\/risingfuture.eu\/en\/prvostopenjska-zirija\/\" target=\"_blank\" rel=\"noopener\">Jury at first stage<\/a> of the contest (<a href=\"https:\/\/risingfuture.eu\/en\/prvostopenjska-zirija\/#zirija-maja-ambroz\" target=\"_blank\" rel=\"noopener\">Maja Ambro\u017e<\/a>, Medex, <a href=\"https:\/\/risingfuture.eu\/en\/prvostopenjska-zirija\/#zirija-mitja-tuskej\" target=\"_blank\" rel=\"noopener\">Mitja Tu\u0161kej<\/a>, Formitas Grupa and <a href=\"https:\/\/risingfuture.eu\/en\/prvostopenjska-zirija\/#zirija-dali-bungic\" target=\"_blank\" rel=\"noopener\">Dali Bungi\u010d<\/a>, Luna\\TBWA) chose three finalists out of all young researchers that prepared their research plans. <a href=\"https:\/\/risingfuture.eu\/en\/students\/#studenti-maja-edelbaher-ebert\" target=\"_blank\" rel=\"noopener\">Maja Edelbaher Ebert<\/a> (Gea College), <a href=\"https:\/\/risingfuture.eu\/en\/students\/#studenti-ziga-mekis-recek\" target=\"_blank\" rel=\"noopener\">\u017diga Meki\u0161 Recek<\/a> (Faculty of Arts, University of Ljubljana) and <a href=\"https:\/\/risingfuture.eu\/en\/students\/#studenti-lucija-karneluti\" target=\"_blank\" rel=\"noopener\">Lucija Karnelutti<\/a> (Faculty of Social Sciences, University of Ljubljana) got the opportunity to conduct their research plans with the help of Mediana&#8217;s experts and financial investment of Mediana. This made it possible for them to transfer the research theory into practice and at the same time enabling their partner companies to advance their operations in the field of sustainability.\n\nMaja Edelbaher Ebert prepared a research for Big Bang, focusing on proper motivation of consumers to increase purchases of energy efficient white goods. \u017diga Meki\u0161 Recek prepared research for Pivka Perutninarstvo on different topics of sustainability, tied to poultry. Last but not least, Lucija Karnelutti prepared a report for Spar Slovenia on efficient and consumer-centric sustainability strategies in FMCG industry.\t\t\t\t\t\t\t\t<\/div>\n\t\t\t\t<\/div>\n\t\t\t\t\t<\/div>\n\t\t<\/div>\n\t\t\t\t\t<\/div>\n\t\t<\/section>\n\t\t\t\t<section class=\"elementor-section elementor-top-section elementor-element elementor-element-565cbb4 elementor-section-boxed elementor-section-height-default elementor-section-height-default\" data-id=\"565cbb4\" data-element_type=\"section\" data-e-type=\"section\">\n\t\t\t\t\t\t<div class=\"elementor-container elementor-column-gap-default\">\n\t\t\t\t\t<div class=\"elementor-column elementor-col-100 elementor-top-column elementor-element elementor-element-13863d9\" data-id=\"13863d9\" data-element_type=\"column\" data-e-type=\"column\">\n\t\t\t<div class=\"elementor-widget-wrap elementor-element-populated\">\n\t\t\t\t\t\t<div class=\"elementor-element elementor-element-4e0e929 elementor-widget elementor-widget-text-editor\" data-id=\"4e0e929\" data-element_type=\"widget\" data-e-type=\"widget\" data-widget_type=\"text-editor.default\">\n\t\t\t\t<div class=\"elementor-widget-container\">\n\t\t\t\t\t\t\t\t\tMitja Tu\u0161kej, strategist and partner in Formitas Group that also served in first stage jury, took to the stage at the event to talk about three large shifts we\u2019re noticing in the world \u2013 sustainability, importance of research and influence of Gen Z. He emphasized that besides the students that gained new knowledge, experience and connections, the real winners are also all partner companies that joined the project in its 1st year and recognized the importance of sustainability research and support of youth.\n\t\t\t\t\t\t\t\t<\/div>\n\t\t\t\t<\/div>\n\t\t\t\t\t<\/div>\n\t\t<\/div>\n\t\t\t\t\t<\/div>\n\t\t<\/section>\n\t\t\t\t<section class=\"elementor-section elementor-top-section elementor-element elementor-element-fd1daac elementor-section-boxed elementor-section-height-default elementor-section-height-default\" data-id=\"fd1daac\" data-element_type=\"section\" data-e-type=\"section\">\n\t\t\t\t\t\t<div class=\"elementor-container elementor-column-gap-default\">\n\t\t\t\t\t<div class=\"elementor-column elementor-col-100 elementor-top-column elementor-element elementor-element-310773f\" data-id=\"310773f\" data-element_type=\"column\" data-e-type=\"column\">\n\t\t\t<div class=\"elementor-widget-wrap elementor-element-populated\">\n\t\t\t\t\t\t<div class=\"elementor-element elementor-element-7c5610f elementor-widget elementor-widget-text-editor\" data-id=\"7c5610f\" data-element_type=\"widget\" data-e-type=\"widget\" data-widget_type=\"text-editor.default\">\n\t\t\t\t<div class=\"elementor-widget-container\">\n\t\t\t\t\t\t\t\t\t<a href=\"https:\/\/risingfuture.eu\/en\/drugostopenjska-zirija\/\" target=\"_blank\" rel=\"noopener\">Jury at the second stage<\/a>, chaired by <a href=\"https:\/\/risingfuture.eu\/en\/drugostopenjska-zirija\/#zirija-miha-mermal\" target=\"_blank\" rel=\"noopener\">Miha Mermal<\/a> (BTC) announced the winner of <a href=\"https:\/\/risingfuture.eu\/en\/\" target=\"_blank\" rel=\"noopener\">Mediana Rising Future 2021<\/a>, Lucija Karnelutti. Lucija did a research for Spar Slovenija on awareness of various sustainability, how consumers value retailer\u2019s efforts and where lie the opportunities for improvement, promotion and increased awareness of retailer\u2019s sustainable activities. Lucija will present the <a href=\"https:\/\/risingfuture.eu\/en\/\" target=\"_blank\" rel=\"noopener\">Mediana \u2013Rising Future<\/a> project together with head of project, Ma\u0161a Muster and Mediana\u2019s board president, Janja Bo\u017ei\u010d Marolt at the annual WIN conference, held under the title \u201cReconnecting people and business\u201d. \n\t\t\t\t\t\t\t\t<\/div>\n\t\t\t\t<\/div>\n\t\t\t\t\t<\/div>\n\t\t<\/div>\n\t\t\t\t\t<\/div>\n\t\t<\/section>\n\t\t\t\t<section class=\"elementor-section elementor-top-section elementor-element elementor-element-581ed70 elementor-section-boxed elementor-section-height-default elementor-section-height-default\" data-id=\"581ed70\" data-element_type=\"section\" data-e-type=\"section\">\n\t\t\t\t\t\t<div class=\"elementor-container elementor-column-gap-default\">\n\t\t\t\t\t<div class=\"elementor-column elementor-col-100 elementor-top-column elementor-element elementor-element-946c880\" data-id=\"946c880\" data-element_type=\"column\" data-e-type=\"column\">\n\t\t\t<div class=\"elementor-widget-wrap elementor-element-populated\">\n\t\t\t\t\t\t<div class=\"elementor-element elementor-element-28b7104 elementor-widget elementor-widget-text-editor\" data-id=\"28b7104\" data-element_type=\"widget\" data-e-type=\"widget\" data-widget_type=\"text-editor.default\">\n\t\t\t\t<div class=\"elementor-widget-container\">\n\t\t\t\t\t\t\t\t\tIn addition to being a nice opportunity to socialize, the event was also an opportunity for everyone involved in the project \u2013 students, professors, jury and company representatives, to talk about it. We agree that the future for Mediana \u2013 Rising Future looks bright and it will create a brighter future for young people, economy and the planet. \n\t\t\t\t\t\t\t\t<\/div>\n\t\t\t\t<\/div>\n\t\t\t\t\t<\/div>\n\t\t<\/div>\n\t\t\t\t\t<\/div>\n\t\t<\/section>\n\t\t\t\t<\/div>\n\t\t","protected":false},"excerpt":{"rendered":"<p>Finalists and jury, left to right: Petra \u010cade\u017e (Atlantic Grupa), Maja Edelbaher Ebert (finalist), Miha Mermal (BTC), dr. Ur\u0161ka Tu\u0161kej (FDV), Lucija Karnelutti (project winner), Maja Ambro\u017e (Merkur), \u017diga Meki\u0161 Recek (finalist) and Mitja Tu\u0161kej (Formitas Grupa) On October 13th, project Mediana \u2013 Rising Future 2021 came to an end with a gala event in [&hellip;]<\/p>\n","protected":false},"author":3,"featured_media":8686,"comment_status":"closed","ping_status":"open","sticky":false,"template":"","format":"standard","meta":{"inline_featured_image":false,"site-sidebar-layout":"default","site-content-layout":"","ast-site-content-layout":"","site-content-style":"default","site-sidebar-style":"default","ast-global-header-display":"","ast-banner-title-visibility":"","ast-main-header-display":"","ast-hfb-above-header-display":"","ast-hfb-below-header-display":"","ast-hfb-mobile-header-display":"","site-post-title":"","ast-breadcrumbs-content":"","ast-featured-img":"","footer-sml-layout":"","theme-transparent-header-meta":"","adv-header-id-meta":"","stick-header-meta":"","header-above-stick-meta":"","header-main-stick-meta":"","header-below-stick-meta":"","astra-migrate-meta-layouts":"default","ast-page-background-enabled":"default","ast-page-background-meta":{"desktop":{"background-color":"","background-image":"","background-repeat":"repeat","background-position":"center center","background-size":"auto","background-attachment":"scroll","background-type":"","background-media":"","overlay-type":"","overlay-color":"","overlay-opacity":"","overlay-gradient":""},"tablet":{"background-color":"","background-image":"","background-repeat":"repeat","background-position":"center center","background-size":"auto","background-attachment":"scroll","background-type":"","background-media":"","overlay-type":"","overlay-color":"","overlay-opacity":"","overlay-gradient":""},"mobile":{"background-color":"","background-image":"","background-repeat":"repeat","background-position":"center center","background-size":"auto","background-attachment":"scroll","background-type":"","background-media":"","overlay-type":"","overlay-color":"","overlay-opacity":"","overlay-gradient":""}},"ast-content-background-meta":{"desktop":{"background-color":"var(--ast-global-color-5)","background-image":"","background-repeat":"repeat","background-position":"center center","background-size":"auto","background-attachment":"scroll","background-type":"","background-media":"","overlay-type":"","overlay-color":"","overlay-opacity":"","overlay-gradient":""},"tablet":{"background-color":"var(--ast-global-color-5)","background-image":"","background-repeat":"repeat","background-position":"center center","background-size":"auto","background-attachment":"scroll","background-type":"","background-media":"","overlay-type":"","overlay-color":"","overlay-opacity":"","overlay-gradient":""},"mobile":{"background-color":"var(--ast-global-color-5)","background-image":"","background-repeat":"repeat","background-position":"center center","background-size":"auto","background-attachment":"scroll","background-type":"","background-media":"","overlay-type":"","overlay-color":"","overlay-opacity":"","overlay-gradient":""}},"_jetpack_memberships_contains_paid_content":false,"footnotes":"","_wp_rev_ctl_limit":""},"categories":[122,77],"tags":[],"class_list":["post-8749","post","type-post","status-publish","format-standard","has-post-thumbnail","hentry","category-aktualno-en","category-selected"],"yoast_head":"<!-- This site is optimized with the Yoast SEO plugin v26.8 - https:\/\/yoast.com\/product\/yoast-seo-wordpress\/ -->\n<title>MEDIANA AND YOUTH - A BETTER FUTURE FOR ALL - Rising Future<\/title>\n<meta name=\"description\" content=\"V\u010deraj, 13. oktobra 2022, je v Ljubljani potekala slavnostna prireditev projekta Mediana \u2013 Rising Future, ki je obele\u017eila uspe\u0161en zaklju\u010dek prvega leta izvajanja trajnostnega projekta pod okriljem In\u0161tituta Mediana. Na prireditvi je bil razgla\u0161en zmagovalec projekta, s partnerji, mediji in profesorji, ki podpirajo projekt, pa smo proslavili tudi 30. obletnico delovanja In\u0161tituta Mediana.\" \/>\n<meta name=\"robots\" content=\"index, follow, max-snippet:-1, max-image-preview:large, max-video-preview:-1\" \/>\n<link rel=\"canonical\" href=\"https:\/\/risingfuture.eu\/en\/mediana-in-mladi-za-lepso-prihodnost-vseh\/\" \/>\n<meta property=\"og:locale\" content=\"en_US\" \/>\n<meta property=\"og:type\" content=\"article\" \/>\n<meta property=\"og:title\" content=\"MEDIANA AND YOUTH - A BETTER FUTURE FOR ALL - Rising Future\" \/>\n<meta property=\"og:description\" content=\"V\u010deraj, 13. oktobra 2022, je v Ljubljani potekala slavnostna prireditev projekta Mediana \u2013 Rising Future, ki je obele\u017eila uspe\u0161en zaklju\u010dek prvega leta izvajanja trajnostnega projekta pod okriljem In\u0161tituta Mediana. Na prireditvi je bil razgla\u0161en zmagovalec projekta, s partnerji, mediji in profesorji, ki podpirajo projekt, pa smo proslavili tudi 30. obletnico delovanja In\u0161tituta Mediana.\" \/>\n<meta property=\"og:url\" content=\"https:\/\/risingfuture.eu\/en\/mediana-in-mladi-za-lepso-prihodnost-vseh\/\" \/>\n<meta property=\"og:site_name\" content=\"Rising Future\" \/>\n<meta property=\"article:published_time\" content=\"2022-10-14T13:06:23+00:00\" \/>\n<meta property=\"article:modified_time\" content=\"2022-10-25T12:06:12+00:00\" \/>\n<meta property=\"og:image\" content=\"https:\/\/risingfuture.eu\/wp-content\/uploads\/2022\/10\/20221014_RisingFuture_Finalisti.jpg\" \/>\n\t<meta property=\"og:image:width\" content=\"2463\" \/>\n\t<meta property=\"og:image:height\" content=\"1642\" \/>\n\t<meta property=\"og:image:type\" content=\"image\/jpeg\" \/>\n<meta name=\"author\" content=\"Bla\u017e\" \/>\n<meta name=\"twitter:card\" content=\"summary_large_image\" \/>\n<meta name=\"twitter:label1\" content=\"Written by\" \/>\n\t<meta name=\"twitter:data1\" content=\"Bla\u017e\" \/>\n\t<meta name=\"twitter:label2\" content=\"Est. reading time\" \/>\n\t<meta name=\"twitter:data2\" content=\"4 minutes\" \/>\n<script type=\"application\/ld+json\" class=\"yoast-schema-graph\">{\"@context\":\"https:\/\/schema.org\",\"@graph\":[{\"@type\":\"Article\",\"@id\":\"https:\/\/risingfuture.eu\/en\/mediana-in-mladi-za-lepso-prihodnost-vseh\/#article\",\"isPartOf\":{\"@id\":\"https:\/\/risingfuture.eu\/en\/mediana-in-mladi-za-lepso-prihodnost-vseh\/\"},\"author\":{\"name\":\"Bla\u017e\",\"@id\":\"https:\/\/risingfuture.eu\/#\/schema\/person\/ed0ffacf87cc72663696f531f5c9e17a\"},\"headline\":\"MEDIANA AND YOUTH &#8211; A BETTER FUTURE FOR ALL\",\"datePublished\":\"2022-10-14T13:06:23+00:00\",\"dateModified\":\"2022-10-25T12:06:12+00:00\",\"mainEntityOfPage\":{\"@id\":\"https:\/\/risingfuture.eu\/en\/mediana-in-mladi-za-lepso-prihodnost-vseh\/\"},\"wordCount\":667,\"publisher\":{\"@id\":\"https:\/\/risingfuture.eu\/#organization\"},\"image\":{\"@id\":\"https:\/\/risingfuture.eu\/en\/mediana-in-mladi-za-lepso-prihodnost-vseh\/#primaryimage\"},\"thumbnailUrl\":\"https:\/\/risingfuture.eu\/wp-content\/uploads\/2022\/10\/20221014_RisingFuture_Finalisti.jpg\",\"articleSection\":[\"Aktualno\",\"Selected\"],\"inLanguage\":\"en-US\"},{\"@type\":\"WebPage\",\"@id\":\"https:\/\/risingfuture.eu\/en\/mediana-in-mladi-za-lepso-prihodnost-vseh\/\",\"url\":\"https:\/\/risingfuture.eu\/en\/mediana-in-mladi-za-lepso-prihodnost-vseh\/\",\"name\":\"MEDIANA AND YOUTH - A BETTER FUTURE FOR ALL - Rising Future\",\"isPartOf\":{\"@id\":\"https:\/\/risingfuture.eu\/#website\"},\"primaryImageOfPage\":{\"@id\":\"https:\/\/risingfuture.eu\/en\/mediana-in-mladi-za-lepso-prihodnost-vseh\/#primaryimage\"},\"image\":{\"@id\":\"https:\/\/risingfuture.eu\/en\/mediana-in-mladi-za-lepso-prihodnost-vseh\/#primaryimage\"},\"thumbnailUrl\":\"https:\/\/risingfuture.eu\/wp-content\/uploads\/2022\/10\/20221014_RisingFuture_Finalisti.jpg\",\"datePublished\":\"2022-10-14T13:06:23+00:00\",\"dateModified\":\"2022-10-25T12:06:12+00:00\",\"description\":\"V\u010deraj, 13. oktobra 2022, je v Ljubljani potekala slavnostna prireditev projekta Mediana \u2013 Rising Future, ki je obele\u017eila uspe\u0161en zaklju\u010dek prvega leta izvajanja trajnostnega projekta pod okriljem In\u0161tituta Mediana. Na prireditvi je bil razgla\u0161en zmagovalec projekta, s partnerji, mediji in profesorji, ki podpirajo projekt, pa smo proslavili tudi 30. obletnico delovanja In\u0161tituta Mediana.\",\"breadcrumb\":{\"@id\":\"https:\/\/risingfuture.eu\/en\/mediana-in-mladi-za-lepso-prihodnost-vseh\/#breadcrumb\"},\"inLanguage\":\"en-US\",\"potentialAction\":[{\"@type\":\"ReadAction\",\"target\":[\"https:\/\/risingfuture.eu\/en\/mediana-in-mladi-za-lepso-prihodnost-vseh\/\"]}]},{\"@type\":\"ImageObject\",\"inLanguage\":\"en-US\",\"@id\":\"https:\/\/risingfuture.eu\/en\/mediana-in-mladi-za-lepso-prihodnost-vseh\/#primaryimage\",\"url\":\"https:\/\/risingfuture.eu\/wp-content\/uploads\/2022\/10\/20221014_RisingFuture_Finalisti.jpg\",\"contentUrl\":\"https:\/\/risingfuture.eu\/wp-content\/uploads\/2022\/10\/20221014_RisingFuture_Finalisti.jpg\",\"width\":2463,\"height\":1642,\"caption\":\"RisingFuture 2022 finalisti\"},{\"@type\":\"BreadcrumbList\",\"@id\":\"https:\/\/risingfuture.eu\/en\/mediana-in-mladi-za-lepso-prihodnost-vseh\/#breadcrumb\",\"itemListElement\":[{\"@type\":\"ListItem\",\"position\":1,\"name\":\"Home\",\"item\":\"https:\/\/risingfuture.eu\/en\/\"},{\"@type\":\"ListItem\",\"position\":2,\"name\":\"MEDIANA AND YOUTH &#8211; A BETTER FUTURE FOR ALL\"}]},{\"@type\":\"WebSite\",\"@id\":\"https:\/\/risingfuture.eu\/#website\",\"url\":\"https:\/\/risingfuture.eu\/\",\"name\":\"Rising Future\",\"description\":\"Rising Future\",\"publisher\":{\"@id\":\"https:\/\/risingfuture.eu\/#organization\"},\"potentialAction\":[{\"@type\":\"SearchAction\",\"target\":{\"@type\":\"EntryPoint\",\"urlTemplate\":\"https:\/\/risingfuture.eu\/?s={search_term_string}\"},\"query-input\":{\"@type\":\"PropertyValueSpecification\",\"valueRequired\":true,\"valueName\":\"search_term_string\"}}],\"inLanguage\":\"en-US\"},{\"@type\":\"Organization\",\"@id\":\"https:\/\/risingfuture.eu\/#organization\",\"name\":\"Mediana\",\"url\":\"https:\/\/risingfuture.eu\/\",\"logo\":{\"@type\":\"ImageObject\",\"inLanguage\":\"en-US\",\"@id\":\"https:\/\/risingfuture.eu\/#\/schema\/logo\/image\/\",\"url\":\"https:\/\/risingfuture.eu\/wp-content\/uploads\/2019\/08\/logo-beyond.svg\",\"contentUrl\":\"https:\/\/risingfuture.eu\/wp-content\/uploads\/2019\/08\/logo-beyond.svg\",\"width\":1,\"height\":1,\"caption\":\"Mediana\"},\"image\":{\"@id\":\"https:\/\/risingfuture.eu\/#\/schema\/logo\/image\/\"}},{\"@type\":\"Person\",\"@id\":\"https:\/\/risingfuture.eu\/#\/schema\/person\/ed0ffacf87cc72663696f531f5c9e17a\",\"name\":\"Bla\u017e\",\"image\":{\"@type\":\"ImageObject\",\"inLanguage\":\"en-US\",\"@id\":\"https:\/\/risingfuture.eu\/#\/schema\/person\/image\/\",\"url\":\"https:\/\/secure.gravatar.com\/avatar\/105d0614132147fb38746ed04b94a878?s=96&d=mm&r=g\",\"contentUrl\":\"https:\/\/secure.gravatar.com\/avatar\/105d0614132147fb38746ed04b94a878?s=96&d=mm&r=g\",\"caption\":\"Bla\u017e\"}}]}<\/script>\n<!-- \/ Yoast SEO plugin. -->","yoast_head_json":{"title":"MEDIANA AND YOUTH - A BETTER FUTURE FOR ALL - Rising Future","description":"V\u010deraj, 13. oktobra 2022, je v Ljubljani potekala slavnostna prireditev projekta Mediana \u2013 Rising Future, ki je obele\u017eila uspe\u0161en zaklju\u010dek prvega leta izvajanja trajnostnega projekta pod okriljem In\u0161tituta Mediana. Na prireditvi je bil razgla\u0161en zmagovalec projekta, s partnerji, mediji in profesorji, ki podpirajo projekt, pa smo proslavili tudi 30. obletnico delovanja In\u0161tituta Mediana.","robots":{"index":"index","follow":"follow","max-snippet":"max-snippet:-1","max-image-preview":"max-image-preview:large","max-video-preview":"max-video-preview:-1"},"canonical":"https:\/\/risingfuture.eu\/en\/mediana-in-mladi-za-lepso-prihodnost-vseh\/","og_locale":"en_US","og_type":"article","og_title":"MEDIANA AND YOUTH - A BETTER FUTURE FOR ALL - Rising Future","og_description":"V\u010deraj, 13. oktobra 2022, je v Ljubljani potekala slavnostna prireditev projekta Mediana \u2013 Rising Future, ki je obele\u017eila uspe\u0161en zaklju\u010dek prvega leta izvajanja trajnostnega projekta pod okriljem In\u0161tituta Mediana. Na prireditvi je bil razgla\u0161en zmagovalec projekta, s partnerji, mediji in profesorji, ki podpirajo projekt, pa smo proslavili tudi 30. obletnico delovanja In\u0161tituta Mediana.","og_url":"https:\/\/risingfuture.eu\/en\/mediana-in-mladi-za-lepso-prihodnost-vseh\/","og_site_name":"Rising Future","article_published_time":"2022-10-14T13:06:23+00:00","article_modified_time":"2022-10-25T12:06:12+00:00","og_image":[{"width":2463,"height":1642,"url":"https:\/\/risingfuture.eu\/wp-content\/uploads\/2022\/10\/20221014_RisingFuture_Finalisti.jpg","type":"image\/jpeg"}],"author":"Bla\u017e","twitter_card":"summary_large_image","twitter_misc":{"Written by":"Bla\u017e","Est. reading time":"4 minutes"},"schema":{"@context":"https:\/\/schema.org","@graph":[{"@type":"Article","@id":"https:\/\/risingfuture.eu\/en\/mediana-in-mladi-za-lepso-prihodnost-vseh\/#article","isPartOf":{"@id":"https:\/\/risingfuture.eu\/en\/mediana-in-mladi-za-lepso-prihodnost-vseh\/"},"author":{"name":"Bla\u017e","@id":"https:\/\/risingfuture.eu\/#\/schema\/person\/ed0ffacf87cc72663696f531f5c9e17a"},"headline":"MEDIANA AND YOUTH &#8211; A BETTER FUTURE FOR ALL","datePublished":"2022-10-14T13:06:23+00:00","dateModified":"2022-10-25T12:06:12+00:00","mainEntityOfPage":{"@id":"https:\/\/risingfuture.eu\/en\/mediana-in-mladi-za-lepso-prihodnost-vseh\/"},"wordCount":667,"publisher":{"@id":"https:\/\/risingfuture.eu\/#organization"},"image":{"@id":"https:\/\/risingfuture.eu\/en\/mediana-in-mladi-za-lepso-prihodnost-vseh\/#primaryimage"},"thumbnailUrl":"https:\/\/risingfuture.eu\/wp-content\/uploads\/2022\/10\/20221014_RisingFuture_Finalisti.jpg","articleSection":["Aktualno","Selected"],"inLanguage":"en-US"},{"@type":"WebPage","@id":"https:\/\/risingfuture.eu\/en\/mediana-in-mladi-za-lepso-prihodnost-vseh\/","url":"https:\/\/risingfuture.eu\/en\/mediana-in-mladi-za-lepso-prihodnost-vseh\/","name":"MEDIANA AND YOUTH - A BETTER FUTURE FOR ALL - Rising Future","isPartOf":{"@id":"https:\/\/risingfuture.eu\/#website"},"primaryImageOfPage":{"@id":"https:\/\/risingfuture.eu\/en\/mediana-in-mladi-za-lepso-prihodnost-vseh\/#primaryimage"},"image":{"@id":"https:\/\/risingfuture.eu\/en\/mediana-in-mladi-za-lepso-prihodnost-vseh\/#primaryimage"},"thumbnailUrl":"https:\/\/risingfuture.eu\/wp-content\/uploads\/2022\/10\/20221014_RisingFuture_Finalisti.jpg","datePublished":"2022-10-14T13:06:23+00:00","dateModified":"2022-10-25T12:06:12+00:00","description":"V\u010deraj, 13. oktobra 2022, je v Ljubljani potekala slavnostna prireditev projekta Mediana \u2013 Rising Future, ki je obele\u017eila uspe\u0161en zaklju\u010dek prvega leta izvajanja trajnostnega projekta pod okriljem In\u0161tituta Mediana. Na prireditvi je bil razgla\u0161en zmagovalec projekta, s partnerji, mediji in profesorji, ki podpirajo projekt, pa smo proslavili tudi 30. obletnico delovanja In\u0161tituta Mediana.","breadcrumb":{"@id":"https:\/\/risingfuture.eu\/en\/mediana-in-mladi-za-lepso-prihodnost-vseh\/#breadcrumb"},"inLanguage":"en-US","potentialAction":[{"@type":"ReadAction","target":["https:\/\/risingfuture.eu\/en\/mediana-in-mladi-za-lepso-prihodnost-vseh\/"]}]},{"@type":"ImageObject","inLanguage":"en-US","@id":"https:\/\/risingfuture.eu\/en\/mediana-in-mladi-za-lepso-prihodnost-vseh\/#primaryimage","url":"https:\/\/risingfuture.eu\/wp-content\/uploads\/2022\/10\/20221014_RisingFuture_Finalisti.jpg","contentUrl":"https:\/\/risingfuture.eu\/wp-content\/uploads\/2022\/10\/20221014_RisingFuture_Finalisti.jpg","width":2463,"height":1642,"caption":"RisingFuture 2022 finalisti"},{"@type":"BreadcrumbList","@id":"https:\/\/risingfuture.eu\/en\/mediana-in-mladi-za-lepso-prihodnost-vseh\/#breadcrumb","itemListElement":[{"@type":"ListItem","position":1,"name":"Home","item":"https:\/\/risingfuture.eu\/en\/"},{"@type":"ListItem","position":2,"name":"MEDIANA AND YOUTH &#8211; A BETTER FUTURE FOR ALL"}]},{"@type":"WebSite","@id":"https:\/\/risingfuture.eu\/#website","url":"https:\/\/risingfuture.eu\/","name":"Rising Future","description":"Rising Future","publisher":{"@id":"https:\/\/risingfuture.eu\/#organization"},"potentialAction":[{"@type":"SearchAction","target":{"@type":"EntryPoint","urlTemplate":"https:\/\/risingfuture.eu\/?s={search_term_string}"},"query-input":{"@type":"PropertyValueSpecification","valueRequired":true,"valueName":"search_term_string"}}],"inLanguage":"en-US"},{"@type":"Organization","@id":"https:\/\/risingfuture.eu\/#organization","name":"Mediana","url":"https:\/\/risingfuture.eu\/","logo":{"@type":"ImageObject","inLanguage":"en-US","@id":"https:\/\/risingfuture.eu\/#\/schema\/logo\/image\/","url":"https:\/\/risingfuture.eu\/wp-content\/uploads\/2019\/08\/logo-beyond.svg","contentUrl":"https:\/\/risingfuture.eu\/wp-content\/uploads\/2019\/08\/logo-beyond.svg","width":1,"height":1,"caption":"Mediana"},"image":{"@id":"https:\/\/risingfuture.eu\/#\/schema\/logo\/image\/"}},{"@type":"Person","@id":"https:\/\/risingfuture.eu\/#\/schema\/person\/ed0ffacf87cc72663696f531f5c9e17a","name":"Bla\u017e","image":{"@type":"ImageObject","inLanguage":"en-US","@id":"https:\/\/risingfuture.eu\/#\/schema\/person\/image\/","url":"https:\/\/secure.gravatar.com\/avatar\/105d0614132147fb38746ed04b94a878?s=96&d=mm&r=g","contentUrl":"https:\/\/secure.gravatar.com\/avatar\/105d0614132147fb38746ed04b94a878?s=96&d=mm&r=g","caption":"Bla\u017e"}}]}},"jetpack_featured_media_url":"https:\/\/risingfuture.eu\/wp-content\/uploads\/2022\/10\/20221014_RisingFuture_Finalisti.jpg","jetpack_sharing_enabled":true,"_links":{"self":[{"href":"https:\/\/risingfuture.eu\/en\/wp-json\/wp\/v2\/posts\/8749","targetHints":{"allow":["GET"]}}],"collection":[{"href":"https:\/\/risingfuture.eu\/en\/wp-json\/wp\/v2\/posts"}],"about":[{"href":"https:\/\/risingfuture.eu\/en\/wp-json\/wp\/v2\/types\/post"}],"author":[{"embeddable":true,"href":"https:\/\/risingfuture.eu\/en\/wp-json\/wp\/v2\/users\/3"}],"replies":[{"embeddable":true,"href":"https:\/\/risingfuture.eu\/en\/wp-json\/wp\/v2\/comments?post=8749"}],"version-history":[{"count":3,"href":"https:\/\/risingfuture.eu\/en\/wp-json\/wp\/v2\/posts\/8749\/revisions"}],"predecessor-version":[{"id":9112,"href":"https:\/\/risingfuture.eu\/en\/wp-json\/wp\/v2\/posts\/8749\/revisions\/9112"}],"wp:featuredmedia":[{"embeddable":true,"href":"https:\/\/risingfuture.eu\/en\/wp-json\/wp\/v2\/media\/8686"}],"wp:attachment":[{"href":"https:\/\/risingfuture.eu\/en\/wp-json\/wp\/v2\/media?parent=8749"}],"wp:term":[{"taxonomy":"category","embeddable":true,"href":"https:\/\/risingfuture.eu\/en\/wp-json\/wp\/v2\/categories?post=8749"},{"taxonomy":"post_tag","embeddable":true,"href":"https:\/\/risingfuture.eu\/en\/wp-json\/wp\/v2\/tags?post=8749"}],"curies":[{"name":"wp","href":"https:\/\/api.w.org\/{rel}","templated":true}]}}