{"id":9400,"date":"2023-04-12T09:12:36","date_gmt":"2023-04-12T08:12:36","guid":{"rendered":"https:\/\/risingfuture.eu\/mediana-rising-future-in-mladi-za-lepso-prihodnost-vseh\/"},"modified":"2023-04-12T09:12:37","modified_gmt":"2023-04-12T08:12:37","slug":"mediana-rising-future-in-mladi-za-lepso-prihodnost-vseh","status":"publish","type":"post","link":"https:\/\/risingfuture.eu\/en\/mediana-rising-future-in-mladi-za-lepso-prihodnost-vseh\/","title":{"rendered":"MEDIANA \u2013 RISING FUTURE IN MLADI: ZA LEP\u0160O PRIHODNOST VSEH"},"content":{"rendered":"\t\t<div data-elementor-type=\"wp-post\" data-elementor-id=\"9400\" class=\"elementor elementor-9400 elementor-9398\" data-elementor-post-type=\"post\">\n\t\t\t\t\t\t<section class=\"elementor-section elementor-top-section elementor-element elementor-element-b8ed388 elementor-section-boxed elementor-section-height-default elementor-section-height-default\" data-id=\"b8ed388\" data-element_type=\"section\" data-e-type=\"section\">\n\t\t\t\t\t\t<div class=\"elementor-container elementor-column-gap-default\">\n\t\t\t\t\t<div class=\"elementor-column elementor-col-100 elementor-top-column elementor-element elementor-element-1ca98c4\" data-id=\"1ca98c4\" data-element_type=\"column\" data-e-type=\"column\">\n\t\t\t<div class=\"elementor-widget-wrap elementor-element-populated\">\n\t\t\t\t\t\t<div class=\"elementor-element elementor-element-d9a8cc8 elementor-widget elementor-widget-text-editor\" data-id=\"d9a8cc8\" data-element_type=\"widget\" data-e-type=\"widget\" data-widget_type=\"text-editor.default\">\n\t\t\t\t<div class=\"elementor-widget-container\">\n\t\t\t\t\t\t\t\t\t13. oktobra 2022, je v Ljubljani potekala slavnostna prireditev projekta <a href=\"https:\/\/risingfuture.eu\/en\/\" target=\"_blank\" rel=\"noopener\">Mediana \u2013 Rising Future<\/a>, ki je obele\u017eila <a href=\"https:\/\/risingfuture.eu\/en\/zakljucna-prireditev-mediana-rising-future\/\" target=\"_blank\" rel=\"noopener\">uspe\u0161en zaklju\u010dek prvega leta<\/a> izvajanja trajnostnega projekta pod okriljem <a href=\"https:\/\/www.mediana.si\" target=\"_blank\" rel=\"noopener\">In\u0161tituta Mediana<\/a>. Na prireditvi je bila <a href=\"https:\/\/risingfuture.eu\/en\/mediana-in-mladi-za-lepso-prihodnost-vseh\/\" target=\"_blank\" rel=\"noopener\">razgla\u0161ena zmagovalka projekta<\/a>, s partnerji, mediji in profesorji, ki podpirajo projekt, pa smo proslavili tudi 30. obletnico obstoja In\u0161tituta Mediana. Spodaj si lahko ogledate kratek video o dogajanju in vzdu\u0161ju na prireditvi.\r\n\t\t\t\t\t\t\t\t<\/div>\n\t\t\t\t<\/div>\n\t\t\t\t\t<\/div>\n\t\t<\/div>\n\t\t\t\t\t<\/div>\n\t\t<\/section>\n\t\t\t\t<section class=\"elementor-section elementor-top-section elementor-element elementor-element-aaa5cef elementor-section-stretched elementor-section-boxed elementor-section-height-default elementor-section-height-default\" data-id=\"aaa5cef\" data-element_type=\"section\" data-e-type=\"section\" data-settings=\"{&quot;stretch_section&quot;:&quot;section-stretched&quot;}\">\n\t\t\t\t\t\t<div class=\"elementor-container elementor-column-gap-default\">\n\t\t\t\t\t<div class=\"elementor-column elementor-col-100 elementor-top-column elementor-element elementor-element-4ac3536\" data-id=\"4ac3536\" data-element_type=\"column\" data-e-type=\"column\">\n\t\t\t<div class=\"elementor-widget-wrap elementor-element-populated\">\n\t\t\t\t\t\t<div class=\"elementor-element elementor-element-95cd772 elementor-widget elementor-widget-video\" data-id=\"95cd772\" data-element_type=\"widget\" data-e-type=\"widget\" data-settings=\"{&quot;youtube_url&quot;:&quot;https:\\\/\\\/www.youtube.com\\\/watch?v=rbtvwppcIO0&quot;,&quot;video_type&quot;:&quot;youtube&quot;,&quot;controls&quot;:&quot;yes&quot;}\" data-widget_type=\"video.default\">\n\t\t\t\t<div class=\"elementor-widget-container\">\n\t\t\t\t\t\t\t<div class=\"elementor-wrapper elementor-open-inline\">\n\t\t\t<div class=\"elementor-video\"><\/div>\t\t<\/div>\n\t\t\t\t\t\t<\/div>\n\t\t\t\t<\/div>\n\t\t\t\t\t<\/div>\n\t\t<\/div>\n\t\t\t\t\t<\/div>\n\t\t<\/section>\n\t\t\t\t<section class=\"elementor-section elementor-top-section elementor-element elementor-element-4dbcc44 elementor-section-boxed elementor-section-height-default elementor-section-height-default\" data-id=\"4dbcc44\" data-element_type=\"section\" data-e-type=\"section\">\n\t\t\t\t\t\t<div class=\"elementor-container elementor-column-gap-default\">\n\t\t\t\t\t<div class=\"elementor-column elementor-col-100 elementor-top-column elementor-element elementor-element-4e12fe1\" data-id=\"4e12fe1\" data-element_type=\"column\" data-e-type=\"column\">\n\t\t\t<div class=\"elementor-widget-wrap elementor-element-populated\">\n\t\t\t\t\t\t<div class=\"elementor-element elementor-element-478522b elementor-widget elementor-widget-text-editor\" data-id=\"478522b\" data-element_type=\"widget\" data-e-type=\"widget\" data-widget_type=\"text-editor.default\">\n\t\t\t\t<div class=\"elementor-widget-container\">\n\t\t\t\t\t\t\t\t\t<small>Naslovna slika: <a href=\"https:\/\/risingfuture.eu\/en\/zakljucna-prireditev-mediana-rising-future\/\" target=\"_blank\" rel=\"noopener\">Zaklju\u010dna prireditev Rising Future 2022<\/a><\/small>\r\n\t\t\t\t\t\t\t\t<\/div>\n\t\t\t\t<\/div>\n\t\t\t\t\t<\/div>\n\t\t<\/div>\n\t\t\t\t\t<\/div>\n\t\t<\/section>\n\t\t\t\t<\/div>\n\t\t","protected":false},"excerpt":{"rendered":"<p>13. oktobra 2022, je v Ljubljani potekala slavnostna prireditev projekta Mediana \u2013 Rising Future, ki je obele\u017eila uspe\u0161en zaklju\u010dek prvega leta izvajanja trajnostnega projekta pod okriljem In\u0161tituta Mediana. Na prireditvi je bila razgla\u0161ena zmagovalka projekta, s partnerji, mediji in profesorji, ki podpirajo projekt, pa smo proslavili tudi 30. obletnico obstoja In\u0161tituta Mediana. Spodaj si lahko [&hellip;]<\/p>\n","protected":false},"author":3,"featured_media":9020,"comment_status":"closed","ping_status":"open","sticky":false,"template":"","format":"standard","meta":{"inline_featured_image":false,"site-sidebar-layout":"default","site-content-layout":"","ast-site-content-layout":"","site-content-style":"default","site-sidebar-style":"default","ast-global-header-display":"","ast-banner-title-visibility":"","ast-main-header-display":"","ast-hfb-above-header-display":"","ast-hfb-below-header-display":"","ast-hfb-mobile-header-display":"","site-post-title":"","ast-breadcrumbs-content":"","ast-featured-img":"","footer-sml-layout":"","theme-transparent-header-meta":"","adv-header-id-meta":"","stick-header-meta":"","header-above-stick-meta":"","header-main-stick-meta":"","header-below-stick-meta":"","astra-migrate-meta-layouts":"default","ast-page-background-enabled":"default","ast-page-background-meta":{"desktop":{"background-color":"","background-image":"","background-repeat":"repeat","background-position":"center center","background-size":"auto","background-attachment":"scroll","background-type":"","background-media":"","overlay-type":"","overlay-color":"","overlay-opacity":"","overlay-gradient":""},"tablet":{"background-color":"","background-image":"","background-repeat":"repeat","background-position":"center center","background-size":"auto","background-attachment":"scroll","background-type":"","background-media":"","overlay-type":"","overlay-color":"","overlay-opacity":"","overlay-gradient":""},"mobile":{"background-color":"","background-image":"","background-repeat":"repeat","background-position":"center center","background-size":"auto","background-attachment":"scroll","background-type":"","background-media":"","overlay-type":"","overlay-color":"","overlay-opacity":"","overlay-gradient":""}},"ast-content-background-meta":{"desktop":{"background-color":"var(--ast-global-color-5)","background-image":"","background-repeat":"repeat","background-position":"center center","background-size":"auto","background-attachment":"scroll","background-type":"","background-media":"","overlay-type":"","overlay-color":"","overlay-opacity":"","overlay-gradient":""},"tablet":{"background-color":"var(--ast-global-color-5)","background-image":"","background-repeat":"repeat","background-position":"center center","background-size":"auto","background-attachment":"scroll","background-type":"","background-media":"","overlay-type":"","overlay-color":"","overlay-opacity":"","overlay-gradient":""},"mobile":{"background-color":"var(--ast-global-color-5)","background-image":"","background-repeat":"repeat","background-position":"center center","background-size":"auto","background-attachment":"scroll","background-type":"","background-media":"","overlay-type":"","overlay-color":"","overlay-opacity":"","overlay-gradient":""}},"_jetpack_memberships_contains_paid_content":false,"footnotes":"","_wp_rev_ctl_limit":""},"categories":[122],"tags":[],"class_list":["post-9400","post","type-post","status-publish","format-standard","has-post-thumbnail","hentry","category-aktualno-en"],"yoast_head":"<!-- This site is optimized with the Yoast SEO plugin v26.8 - https:\/\/yoast.com\/product\/yoast-seo-wordpress\/ -->\n<title>MEDIANA \u2013 RISING FUTURE IN MLADI: ZA LEP\u0160O PRIHODNOST VSEH - Rising Future<\/title>\n<meta name=\"description\" content=\"13. oktobra 2022, je v Ljubljani potekala slavnostna prireditev projekta Mediana \u2013 Rising Future, ki je obele\u017eila uspe\u0161en zaklju\u010dek prvega leta izvajanja trajnostnega projekta pod okriljem In\u0161tituta Mediana. Na prireditvi je bila razgla\u0161en zmagovalec projekta, s partnerji, mediji in profesorji, ki podpirajo projekt, pa smo proslavili tudi 30. obletnico obstoja In\u0161tituta Mediana. Spodaj si lahko ogledate kratek video o dogajanju in vzdu\u0161ju na prireditvi.\" \/>\n<meta name=\"robots\" content=\"index, follow, max-snippet:-1, max-image-preview:large, max-video-preview:-1\" \/>\n<link rel=\"canonical\" href=\"https:\/\/risingfuture.eu\/mediana-rising-future-in-mladi-za-lepso-prihodnost-vseh\/\" \/>\n<meta property=\"og:locale\" content=\"en_US\" \/>\n<meta property=\"og:type\" content=\"article\" \/>\n<meta property=\"og:title\" content=\"MEDIANA \u2013 RISING FUTURE IN MLADI: ZA LEP\u0160O PRIHODNOST VSEH - Rising Future\" \/>\n<meta property=\"og:description\" content=\"13. oktobra 2022, je v Ljubljani potekala slavnostna prireditev projekta Mediana \u2013 Rising Future, ki je obele\u017eila uspe\u0161en zaklju\u010dek prvega leta izvajanja trajnostnega projekta pod okriljem In\u0161tituta Mediana. Na prireditvi je bila razgla\u0161en zmagovalec projekta, s partnerji, mediji in profesorji, ki podpirajo projekt, pa smo proslavili tudi 30. obletnico obstoja In\u0161tituta Mediana. Spodaj si lahko ogledate kratek video o dogajanju in vzdu\u0161ju na prireditvi.\" \/>\n<meta property=\"og:url\" content=\"https:\/\/risingfuture.eu\/mediana-rising-future-in-mladi-za-lepso-prihodnost-vseh\/\" \/>\n<meta property=\"og:site_name\" content=\"Rising Future\" \/>\n<meta property=\"article:published_time\" content=\"2023-04-12T08:12:36+00:00\" \/>\n<meta property=\"article:modified_time\" content=\"2023-04-12T08:12:37+00:00\" \/>\n<meta property=\"og:image\" content=\"https:\/\/risingfuture.eu\/wp-content\/uploads\/2022\/10\/20221025_event_129.jpg\" \/>\n\t<meta property=\"og:image:width\" content=\"2138\" \/>\n\t<meta property=\"og:image:height\" content=\"1426\" \/>\n\t<meta property=\"og:image:type\" content=\"image\/jpeg\" \/>\n<meta name=\"author\" content=\"Bla\u017e\" \/>\n<meta name=\"twitter:card\" content=\"summary_large_image\" \/>\n<meta name=\"twitter:label1\" content=\"Written by\" \/>\n\t<meta name=\"twitter:data1\" content=\"Bla\u017e\" \/>\n<script type=\"application\/ld+json\" class=\"yoast-schema-graph\">{\"@context\":\"https:\/\/schema.org\",\"@graph\":[{\"@type\":\"Article\",\"@id\":\"https:\/\/risingfuture.eu\/mediana-rising-future-in-mladi-za-lepso-prihodnost-vseh\/#article\",\"isPartOf\":{\"@id\":\"https:\/\/risingfuture.eu\/mediana-rising-future-in-mladi-za-lepso-prihodnost-vseh\/\"},\"author\":{\"name\":\"Bla\u017e\",\"@id\":\"https:\/\/risingfuture.eu\/#\/schema\/person\/ed0ffacf87cc72663696f531f5c9e17a\"},\"headline\":\"MEDIANA \u2013 RISING FUTURE IN MLADI: ZA LEP\u0160O PRIHODNOST VSEH\",\"datePublished\":\"2023-04-12T08:12:36+00:00\",\"dateModified\":\"2023-04-12T08:12:37+00:00\",\"mainEntityOfPage\":{\"@id\":\"https:\/\/risingfuture.eu\/mediana-rising-future-in-mladi-za-lepso-prihodnost-vseh\/\"},\"wordCount\":91,\"publisher\":{\"@id\":\"https:\/\/risingfuture.eu\/#organization\"},\"image\":{\"@id\":\"https:\/\/risingfuture.eu\/mediana-rising-future-in-mladi-za-lepso-prihodnost-vseh\/#primaryimage\"},\"thumbnailUrl\":\"https:\/\/risingfuture.eu\/wp-content\/uploads\/2022\/10\/20221025_event_129.jpg\",\"articleSection\":[\"Aktualno\"],\"inLanguage\":\"en-US\"},{\"@type\":\"WebPage\",\"@id\":\"https:\/\/risingfuture.eu\/mediana-rising-future-in-mladi-za-lepso-prihodnost-vseh\/\",\"url\":\"https:\/\/risingfuture.eu\/mediana-rising-future-in-mladi-za-lepso-prihodnost-vseh\/\",\"name\":\"MEDIANA \u2013 RISING FUTURE IN MLADI: ZA LEP\u0160O PRIHODNOST VSEH - Rising Future\",\"isPartOf\":{\"@id\":\"https:\/\/risingfuture.eu\/#website\"},\"primaryImageOfPage\":{\"@id\":\"https:\/\/risingfuture.eu\/mediana-rising-future-in-mladi-za-lepso-prihodnost-vseh\/#primaryimage\"},\"image\":{\"@id\":\"https:\/\/risingfuture.eu\/mediana-rising-future-in-mladi-za-lepso-prihodnost-vseh\/#primaryimage\"},\"thumbnailUrl\":\"https:\/\/risingfuture.eu\/wp-content\/uploads\/2022\/10\/20221025_event_129.jpg\",\"datePublished\":\"2023-04-12T08:12:36+00:00\",\"dateModified\":\"2023-04-12T08:12:37+00:00\",\"description\":\"13. oktobra 2022, je v Ljubljani potekala slavnostna prireditev projekta Mediana \u2013 Rising Future, ki je obele\u017eila uspe\u0161en zaklju\u010dek prvega leta izvajanja trajnostnega projekta pod okriljem In\u0161tituta Mediana. Na prireditvi je bila razgla\u0161en zmagovalec projekta, s partnerji, mediji in profesorji, ki podpirajo projekt, pa smo proslavili tudi 30. obletnico obstoja In\u0161tituta Mediana. Spodaj si lahko ogledate kratek video o dogajanju in vzdu\u0161ju na prireditvi.\",\"breadcrumb\":{\"@id\":\"https:\/\/risingfuture.eu\/mediana-rising-future-in-mladi-za-lepso-prihodnost-vseh\/#breadcrumb\"},\"inLanguage\":\"en-US\",\"potentialAction\":[{\"@type\":\"ReadAction\",\"target\":[\"https:\/\/risingfuture.eu\/mediana-rising-future-in-mladi-za-lepso-prihodnost-vseh\/\"]}]},{\"@type\":\"ImageObject\",\"inLanguage\":\"en-US\",\"@id\":\"https:\/\/risingfuture.eu\/mediana-rising-future-in-mladi-za-lepso-prihodnost-vseh\/#primaryimage\",\"url\":\"https:\/\/risingfuture.eu\/wp-content\/uploads\/2022\/10\/20221025_event_129.jpg\",\"contentUrl\":\"https:\/\/risingfuture.eu\/wp-content\/uploads\/2022\/10\/20221025_event_129.jpg\",\"width\":2138,\"height\":1426,\"caption\":\"RisingFuture event 129\"},{\"@type\":\"BreadcrumbList\",\"@id\":\"https:\/\/risingfuture.eu\/mediana-rising-future-in-mladi-za-lepso-prihodnost-vseh\/#breadcrumb\",\"itemListElement\":[{\"@type\":\"ListItem\",\"position\":1,\"name\":\"Home\",\"item\":\"https:\/\/risingfuture.eu\/en\/\"},{\"@type\":\"ListItem\",\"position\":2,\"name\":\"MEDIANA \u2013 RISING FUTURE IN MLADI: ZA LEP\u0160O PRIHODNOST VSEH\"}]},{\"@type\":\"WebSite\",\"@id\":\"https:\/\/risingfuture.eu\/#website\",\"url\":\"https:\/\/risingfuture.eu\/\",\"name\":\"Rising Future\",\"description\":\"Rising Future\",\"publisher\":{\"@id\":\"https:\/\/risingfuture.eu\/#organization\"},\"potentialAction\":[{\"@type\":\"SearchAction\",\"target\":{\"@type\":\"EntryPoint\",\"urlTemplate\":\"https:\/\/risingfuture.eu\/?s={search_term_string}\"},\"query-input\":{\"@type\":\"PropertyValueSpecification\",\"valueRequired\":true,\"valueName\":\"search_term_string\"}}],\"inLanguage\":\"en-US\"},{\"@type\":\"Organization\",\"@id\":\"https:\/\/risingfuture.eu\/#organization\",\"name\":\"Mediana\",\"url\":\"https:\/\/risingfuture.eu\/\",\"logo\":{\"@type\":\"ImageObject\",\"inLanguage\":\"en-US\",\"@id\":\"https:\/\/risingfuture.eu\/#\/schema\/logo\/image\/\",\"url\":\"https:\/\/risingfuture.eu\/wp-content\/uploads\/2019\/08\/logo-beyond.svg\",\"contentUrl\":\"https:\/\/risingfuture.eu\/wp-content\/uploads\/2019\/08\/logo-beyond.svg\",\"width\":1,\"height\":1,\"caption\":\"Mediana\"},\"image\":{\"@id\":\"https:\/\/risingfuture.eu\/#\/schema\/logo\/image\/\"}},{\"@type\":\"Person\",\"@id\":\"https:\/\/risingfuture.eu\/#\/schema\/person\/ed0ffacf87cc72663696f531f5c9e17a\",\"name\":\"Bla\u017e\",\"image\":{\"@type\":\"ImageObject\",\"inLanguage\":\"en-US\",\"@id\":\"https:\/\/risingfuture.eu\/#\/schema\/person\/image\/\",\"url\":\"https:\/\/secure.gravatar.com\/avatar\/105d0614132147fb38746ed04b94a878?s=96&d=mm&r=g\",\"contentUrl\":\"https:\/\/secure.gravatar.com\/avatar\/105d0614132147fb38746ed04b94a878?s=96&d=mm&r=g\",\"caption\":\"Bla\u017e\"}}]}<\/script>\n<!-- \/ Yoast SEO plugin. -->","yoast_head_json":{"title":"MEDIANA \u2013 RISING FUTURE IN MLADI: ZA LEP\u0160O PRIHODNOST VSEH - Rising Future","description":"13. oktobra 2022, je v Ljubljani potekala slavnostna prireditev projekta Mediana \u2013 Rising Future, ki je obele\u017eila uspe\u0161en zaklju\u010dek prvega leta izvajanja trajnostnega projekta pod okriljem In\u0161tituta Mediana. Na prireditvi je bila razgla\u0161en zmagovalec projekta, s partnerji, mediji in profesorji, ki podpirajo projekt, pa smo proslavili tudi 30. obletnico obstoja In\u0161tituta Mediana. Spodaj si lahko ogledate kratek video o dogajanju in vzdu\u0161ju na prireditvi.","robots":{"index":"index","follow":"follow","max-snippet":"max-snippet:-1","max-image-preview":"max-image-preview:large","max-video-preview":"max-video-preview:-1"},"canonical":"https:\/\/risingfuture.eu\/mediana-rising-future-in-mladi-za-lepso-prihodnost-vseh\/","og_locale":"en_US","og_type":"article","og_title":"MEDIANA \u2013 RISING FUTURE IN MLADI: ZA LEP\u0160O PRIHODNOST VSEH - Rising Future","og_description":"13. oktobra 2022, je v Ljubljani potekala slavnostna prireditev projekta Mediana \u2013 Rising Future, ki je obele\u017eila uspe\u0161en zaklju\u010dek prvega leta izvajanja trajnostnega projekta pod okriljem In\u0161tituta Mediana. Na prireditvi je bila razgla\u0161en zmagovalec projekta, s partnerji, mediji in profesorji, ki podpirajo projekt, pa smo proslavili tudi 30. obletnico obstoja In\u0161tituta Mediana. Spodaj si lahko ogledate kratek video o dogajanju in vzdu\u0161ju na prireditvi.","og_url":"https:\/\/risingfuture.eu\/mediana-rising-future-in-mladi-za-lepso-prihodnost-vseh\/","og_site_name":"Rising Future","article_published_time":"2023-04-12T08:12:36+00:00","article_modified_time":"2023-04-12T08:12:37+00:00","og_image":[{"width":2138,"height":1426,"url":"https:\/\/risingfuture.eu\/wp-content\/uploads\/2022\/10\/20221025_event_129.jpg","type":"image\/jpeg"}],"author":"Bla\u017e","twitter_card":"summary_large_image","twitter_misc":{"Written by":"Bla\u017e"},"schema":{"@context":"https:\/\/schema.org","@graph":[{"@type":"Article","@id":"https:\/\/risingfuture.eu\/mediana-rising-future-in-mladi-za-lepso-prihodnost-vseh\/#article","isPartOf":{"@id":"https:\/\/risingfuture.eu\/mediana-rising-future-in-mladi-za-lepso-prihodnost-vseh\/"},"author":{"name":"Bla\u017e","@id":"https:\/\/risingfuture.eu\/#\/schema\/person\/ed0ffacf87cc72663696f531f5c9e17a"},"headline":"MEDIANA \u2013 RISING FUTURE IN MLADI: ZA LEP\u0160O PRIHODNOST VSEH","datePublished":"2023-04-12T08:12:36+00:00","dateModified":"2023-04-12T08:12:37+00:00","mainEntityOfPage":{"@id":"https:\/\/risingfuture.eu\/mediana-rising-future-in-mladi-za-lepso-prihodnost-vseh\/"},"wordCount":91,"publisher":{"@id":"https:\/\/risingfuture.eu\/#organization"},"image":{"@id":"https:\/\/risingfuture.eu\/mediana-rising-future-in-mladi-za-lepso-prihodnost-vseh\/#primaryimage"},"thumbnailUrl":"https:\/\/risingfuture.eu\/wp-content\/uploads\/2022\/10\/20221025_event_129.jpg","articleSection":["Aktualno"],"inLanguage":"en-US"},{"@type":"WebPage","@id":"https:\/\/risingfuture.eu\/mediana-rising-future-in-mladi-za-lepso-prihodnost-vseh\/","url":"https:\/\/risingfuture.eu\/mediana-rising-future-in-mladi-za-lepso-prihodnost-vseh\/","name":"MEDIANA \u2013 RISING FUTURE IN MLADI: ZA LEP\u0160O PRIHODNOST VSEH - Rising Future","isPartOf":{"@id":"https:\/\/risingfuture.eu\/#website"},"primaryImageOfPage":{"@id":"https:\/\/risingfuture.eu\/mediana-rising-future-in-mladi-za-lepso-prihodnost-vseh\/#primaryimage"},"image":{"@id":"https:\/\/risingfuture.eu\/mediana-rising-future-in-mladi-za-lepso-prihodnost-vseh\/#primaryimage"},"thumbnailUrl":"https:\/\/risingfuture.eu\/wp-content\/uploads\/2022\/10\/20221025_event_129.jpg","datePublished":"2023-04-12T08:12:36+00:00","dateModified":"2023-04-12T08:12:37+00:00","description":"13. oktobra 2022, je v Ljubljani potekala slavnostna prireditev projekta Mediana \u2013 Rising Future, ki je obele\u017eila uspe\u0161en zaklju\u010dek prvega leta izvajanja trajnostnega projekta pod okriljem In\u0161tituta Mediana. Na prireditvi je bila razgla\u0161en zmagovalec projekta, s partnerji, mediji in profesorji, ki podpirajo projekt, pa smo proslavili tudi 30. obletnico obstoja In\u0161tituta Mediana. Spodaj si lahko ogledate kratek video o dogajanju in vzdu\u0161ju na prireditvi.","breadcrumb":{"@id":"https:\/\/risingfuture.eu\/mediana-rising-future-in-mladi-za-lepso-prihodnost-vseh\/#breadcrumb"},"inLanguage":"en-US","potentialAction":[{"@type":"ReadAction","target":["https:\/\/risingfuture.eu\/mediana-rising-future-in-mladi-za-lepso-prihodnost-vseh\/"]}]},{"@type":"ImageObject","inLanguage":"en-US","@id":"https:\/\/risingfuture.eu\/mediana-rising-future-in-mladi-za-lepso-prihodnost-vseh\/#primaryimage","url":"https:\/\/risingfuture.eu\/wp-content\/uploads\/2022\/10\/20221025_event_129.jpg","contentUrl":"https:\/\/risingfuture.eu\/wp-content\/uploads\/2022\/10\/20221025_event_129.jpg","width":2138,"height":1426,"caption":"RisingFuture event 129"},{"@type":"BreadcrumbList","@id":"https:\/\/risingfuture.eu\/mediana-rising-future-in-mladi-za-lepso-prihodnost-vseh\/#breadcrumb","itemListElement":[{"@type":"ListItem","position":1,"name":"Home","item":"https:\/\/risingfuture.eu\/en\/"},{"@type":"ListItem","position":2,"name":"MEDIANA \u2013 RISING FUTURE IN MLADI: ZA LEP\u0160O PRIHODNOST VSEH"}]},{"@type":"WebSite","@id":"https:\/\/risingfuture.eu\/#website","url":"https:\/\/risingfuture.eu\/","name":"Rising Future","description":"Rising Future","publisher":{"@id":"https:\/\/risingfuture.eu\/#organization"},"potentialAction":[{"@type":"SearchAction","target":{"@type":"EntryPoint","urlTemplate":"https:\/\/risingfuture.eu\/?s={search_term_string}"},"query-input":{"@type":"PropertyValueSpecification","valueRequired":true,"valueName":"search_term_string"}}],"inLanguage":"en-US"},{"@type":"Organization","@id":"https:\/\/risingfuture.eu\/#organization","name":"Mediana","url":"https:\/\/risingfuture.eu\/","logo":{"@type":"ImageObject","inLanguage":"en-US","@id":"https:\/\/risingfuture.eu\/#\/schema\/logo\/image\/","url":"https:\/\/risingfuture.eu\/wp-content\/uploads\/2019\/08\/logo-beyond.svg","contentUrl":"https:\/\/risingfuture.eu\/wp-content\/uploads\/2019\/08\/logo-beyond.svg","width":1,"height":1,"caption":"Mediana"},"image":{"@id":"https:\/\/risingfuture.eu\/#\/schema\/logo\/image\/"}},{"@type":"Person","@id":"https:\/\/risingfuture.eu\/#\/schema\/person\/ed0ffacf87cc72663696f531f5c9e17a","name":"Bla\u017e","image":{"@type":"ImageObject","inLanguage":"en-US","@id":"https:\/\/risingfuture.eu\/#\/schema\/person\/image\/","url":"https:\/\/secure.gravatar.com\/avatar\/105d0614132147fb38746ed04b94a878?s=96&d=mm&r=g","contentUrl":"https:\/\/secure.gravatar.com\/avatar\/105d0614132147fb38746ed04b94a878?s=96&d=mm&r=g","caption":"Bla\u017e"}}]}},"jetpack_featured_media_url":"https:\/\/risingfuture.eu\/wp-content\/uploads\/2022\/10\/20221025_event_129.jpg","jetpack_sharing_enabled":true,"_links":{"self":[{"href":"https:\/\/risingfuture.eu\/en\/wp-json\/wp\/v2\/posts\/9400","targetHints":{"allow":["GET"]}}],"collection":[{"href":"https:\/\/risingfuture.eu\/en\/wp-json\/wp\/v2\/posts"}],"about":[{"href":"https:\/\/risingfuture.eu\/en\/wp-json\/wp\/v2\/types\/post"}],"author":[{"embeddable":true,"href":"https:\/\/risingfuture.eu\/en\/wp-json\/wp\/v2\/users\/3"}],"replies":[{"embeddable":true,"href":"https:\/\/risingfuture.eu\/en\/wp-json\/wp\/v2\/comments?post=9400"}],"version-history":[{"count":1,"href":"https:\/\/risingfuture.eu\/en\/wp-json\/wp\/v2\/posts\/9400\/revisions"}],"predecessor-version":[{"id":9401,"href":"https:\/\/risingfuture.eu\/en\/wp-json\/wp\/v2\/posts\/9400\/revisions\/9401"}],"wp:featuredmedia":[{"embeddable":true,"href":"https:\/\/risingfuture.eu\/en\/wp-json\/wp\/v2\/media\/9020"}],"wp:attachment":[{"href":"https:\/\/risingfuture.eu\/en\/wp-json\/wp\/v2\/media?parent=9400"}],"wp:term":[{"taxonomy":"category","embeddable":true,"href":"https:\/\/risingfuture.eu\/en\/wp-json\/wp\/v2\/categories?post=9400"},{"taxonomy":"post_tag","embeddable":true,"href":"https:\/\/risingfuture.eu\/en\/wp-json\/wp\/v2\/tags?post=9400"}],"curies":[{"name":"wp","href":"https:\/\/api.w.org\/{rel}","templated":true}]}}